{"id":59213,"date":"2018-07-23T10:44:34","date_gmt":"2018-07-23T08:44:34","guid":{"rendered":"http:\/\/www.santacroceweb.com\/giornale1\/?p=59213"},"modified":"2018-07-23T10:44:34","modified_gmt":"2018-07-23T08:44:34","slug":"lippolito-di-euripide-in-salsa-americana-primo-evento-al-parco-di-kaukana","status":"publish","type":"post","link":"https:\/\/www.santacroceweb.com\/index.php\/2018\/07\/23\/lippolito-di-euripide-in-salsa-americana-primo-evento-al-parco-di-kaukana\/","title":{"rendered":"L&#8217;Ippolito di Euripide in &#8220;salsa americana&#8221;: primo evento al Parco di Kaukana"},"content":{"rendered":"<p style=\"text-align: justify;\"><strong>Debutto estivo al Parco archeologico di Kaukana per la neo Pro Loco Kamarinense<\/strong>, alla presenza del direttore dei poli museali, Dott. Giovanni Distefano, al presidente della Pro Loco Kamarinense, Raffaele Agnello e all\u2019Amministrazione comunale di Santa Croce, capeggiata dal sindaco Giovanni Barone, col presidente del Consiglio Piero Mandar\u00e0, gli assessori e i consiglieri.<\/p>\n<p style=\"text-align: justify;\"><strong>Il primo evento promosso ha riguardato l\u2019Ippolito di Euripide<\/strong>, una tragedia greca che ha debuttato nel 428 a.C., con\u00a0 protagonisti Ippolito, Teseo, Fedra, Afrodite e Artemide. La trama parla di Fedra, seconda moglie di Teseo, re di Atene, che, ad opera di Afrodite, si innamora del figliastro Ippolito, dedito esclusivamente alla caccia e al culto di Artemide, il quale trascura ogni forma di vita comunitaria, sentendosi orgoglioso della propria castit\u00e0. Fedra confida tale sentimento alla Nutrice, che a sua volta lo rivela ad Ippolito che ne rimane sconvolto. Allora Fedra, sentendosi umiliata, si uccide, lasciando un biglietto sul quale accusa Ippolito di averla violentata. Teseo, trovando la moglie morta e leggendo il biglietto, invoca Poseidone lanciando un anatema mortale verso il figlio che muore ad opera di un mostro uscito dal mare. Sar\u00e0 Artemide a rivelare la verit\u00e0 a Teseo, dimostrando l\u2019innocenza di Ippolito.<\/p>\n<p style=\"text-align: justify;\"><strong>La rappresentazione svoltasi al parco archeologico di Kaukana<\/strong>, pur rispettosa della trama originale, \u00e8 stata proiettata nell\u2019America di Eisenhower degli anni \u201850 dal regista Nicola Alberto Orofino che ha voluto, cos\u00ec, avvicinare la vicenda allo spettatore contemporaneo. Pur nella sua cruda realt\u00e0, la storia si \u00e8 dipanata tra musiche, balli e ritmi veloci, stemperando il rigore e la drammaticit\u00e0 che il testo originale prevede. Gli attori hanno saputo recitare alternando momenti di allegra vivacit\u00e0 a stati di intensa emotivit\u00e0. Questo il cast: Egle Doria, Silvio Laviano, Luana Toscano e Gianmarco Arcadipane.<\/p>\n<div id='gallery-1' class='gallery galleryid-59213 gallery-columns-3 gallery-size-thumbnail'><figure class='gallery-item'>\n\t\t\t<div class='gallery-icon landscape'>\n\t\t\t\t<a href='https:\/\/www.santacroceweb.com\/index.php\/2018\/07\/23\/lippolito-di-euripide-in-salsa-americana-primo-evento-al-parco-di-kaukana\/_dsc7328\/'><img decoding=\"async\" width=\"150\" height=\"150\" src=\"https:\/\/www.santacroceweb.com\/giornale1\/wp-content\/uploads\/2018\/07\/DSC7328.jpg\" class=\"attachment-thumbnail size-thumbnail jl-lazyload lazyload\" alt=\"\" data-src=\"https:\/\/www.santacroceweb.com\/giornale1\/wp-content\/uploads\/2018\/07\/DSC7328-150x150.jpg\" \/><\/a>\n\t\t\t<\/div><\/figure><figure class='gallery-item'>\n\t\t\t<div class='gallery-icon landscape'>\n\t\t\t\t<a href='https:\/\/www.santacroceweb.com\/index.php\/2018\/07\/23\/lippolito-di-euripide-in-salsa-americana-primo-evento-al-parco-di-kaukana\/_dsc7341\/'><img decoding=\"async\" width=\"150\" height=\"150\" src=\"https:\/\/www.santacroceweb.com\/giornale1\/wp-content\/uploads\/2018\/07\/DSC7341.jpg\" class=\"attachment-thumbnail size-thumbnail jl-lazyload lazyload\" alt=\"\" data-src=\"https:\/\/www.santacroceweb.com\/giornale1\/wp-content\/uploads\/2018\/07\/DSC7341-150x150.jpg\" \/><\/a>\n\t\t\t<\/div><\/figure><figure class='gallery-item'>\n\t\t\t<div class='gallery-icon landscape'>\n\t\t\t\t<a href='https:\/\/www.santacroceweb.com\/index.php\/2018\/07\/23\/lippolito-di-euripide-in-salsa-americana-primo-evento-al-parco-di-kaukana\/_dsc7399\/'><img decoding=\"async\" width=\"150\" height=\"150\" src=\"https:\/\/www.santacroceweb.com\/giornale1\/wp-content\/uploads\/2018\/07\/DSC7399.jpg\" class=\"attachment-thumbnail size-thumbnail jl-lazyload lazyload\" alt=\"\" data-src=\"https:\/\/www.santacroceweb.com\/giornale1\/wp-content\/uploads\/2018\/07\/DSC7399-150x150.jpg\" \/><\/a>\n\t\t\t<\/div><\/figure><figure class='gallery-item'>\n\t\t\t<div class='gallery-icon landscape'>\n\t\t\t\t<a href='https:\/\/www.santacroceweb.com\/index.php\/2018\/07\/23\/lippolito-di-euripide-in-salsa-americana-primo-evento-al-parco-di-kaukana\/_dsc7425\/'><img loading=\"lazy\" decoding=\"async\" width=\"150\" height=\"150\" src=\"https:\/\/www.santacroceweb.com\/giornale1\/wp-content\/uploads\/2018\/07\/DSC7425.jpg\" class=\"attachment-thumbnail size-thumbnail jl-lazyload lazyload\" alt=\"\" data-src=\"https:\/\/www.santacroceweb.com\/giornale1\/wp-content\/uploads\/2018\/07\/DSC7425-150x150.jpg\" \/><\/a>\n\t\t\t<\/div><\/figure><figure class='gallery-item'>\n\t\t\t<div class='gallery-icon landscape'>\n\t\t\t\t<a href='https:\/\/www.santacroceweb.com\/index.php\/2018\/07\/23\/lippolito-di-euripide-in-salsa-americana-primo-evento-al-parco-di-kaukana\/_dsc7429\/'><img loading=\"lazy\" decoding=\"async\" width=\"150\" height=\"150\" src=\"https:\/\/www.santacroceweb.com\/giornale1\/wp-content\/uploads\/2018\/07\/DSC7429.jpg\" class=\"attachment-thumbnail size-thumbnail jl-lazyload lazyload\" alt=\"\" data-src=\"https:\/\/www.santacroceweb.com\/giornale1\/wp-content\/uploads\/2018\/07\/DSC7429-150x150.jpg\" \/><\/a>\n\t\t\t<\/div><\/figure><figure class='gallery-item'>\n\t\t\t<div class='gallery-icon landscape'>\n\t\t\t\t<a href='https:\/\/www.santacroceweb.com\/index.php\/2018\/07\/23\/lippolito-di-euripide-in-salsa-americana-primo-evento-al-parco-di-kaukana\/_dsc7493\/'><img loading=\"lazy\" decoding=\"async\" width=\"150\" height=\"150\" src=\"https:\/\/www.santacroceweb.com\/giornale1\/wp-content\/uploads\/2018\/07\/DSC7493.jpg\" class=\"attachment-thumbnail size-thumbnail jl-lazyload lazyload\" alt=\"\" data-src=\"https:\/\/www.santacroceweb.com\/giornale1\/wp-content\/uploads\/2018\/07\/DSC7493-150x150.jpg\" \/><\/a>\n\t\t\t<\/div><\/figure>\n\t\t<\/div>\n\n","protected":false},"excerpt":{"rendered":"<p>Debutto estivo al Parco archeologico di Kaukana per la neo Pro Loco Kamarinense, alla presenza del direttore dei poli museali, Dott. Giovanni Distefano, al presidente della Pro Loco Kamarinense, Raffaele Agnello e all\u2019Amministrazione comunale di Santa Croce, capeggiata dal sindaco Giovanni Barone, col presidente del Consiglio Piero Mandar\u00e0, gli assessori e i consiglieri. Il primo [&hellip;]<\/p>\n","protected":false},"author":4,"featured_media":59221,"comment_status":"open","ping_status":"open","sticky":false,"template":"","format":"gallery","meta":{"footnotes":""},"categories":[6],"tags":[],"class_list":["post-59213","post","type-post","status-publish","format-gallery","has-post-thumbnail","hentry","category-culturaespettacolo","post_format-post-format-gallery"],"_links":{"self":[{"href":"https:\/\/www.santacroceweb.com\/index.php\/wp-json\/wp\/v2\/posts\/59213","targetHints":{"allow":["GET"]}}],"collection":[{"href":"https:\/\/www.santacroceweb.com\/index.php\/wp-json\/wp\/v2\/posts"}],"about":[{"href":"https:\/\/www.santacroceweb.com\/index.php\/wp-json\/wp\/v2\/types\/post"}],"author":[{"embeddable":true,"href":"https:\/\/www.santacroceweb.com\/index.php\/wp-json\/wp\/v2\/users\/4"}],"replies":[{"embeddable":true,"href":"https:\/\/www.santacroceweb.com\/index.php\/wp-json\/wp\/v2\/comments?post=59213"}],"version-history":[{"count":0,"href":"https:\/\/www.santacroceweb.com\/index.php\/wp-json\/wp\/v2\/posts\/59213\/revisions"}],"wp:featuredmedia":[{"embeddable":true,"href":"https:\/\/www.santacroceweb.com\/index.php\/wp-json\/wp\/v2\/media\/59221"}],"wp:attachment":[{"href":"https:\/\/www.santacroceweb.com\/index.php\/wp-json\/wp\/v2\/media?parent=59213"}],"wp:term":[{"taxonomy":"category","embeddable":true,"href":"https:\/\/www.santacroceweb.com\/index.php\/wp-json\/wp\/v2\/categories?post=59213"},{"taxonomy":"post_tag","embeddable":true,"href":"https:\/\/www.santacroceweb.com\/index.php\/wp-json\/wp\/v2\/tags?post=59213"}],"curies":[{"name":"wp","href":"https:\/\/api.w.org\/{rel}","templated":true}]}}