{"id":59241,"date":"2018-07-25T21:59:06","date_gmt":"2018-07-25T19:59:06","guid":{"rendered":"http:\/\/www.santacroceweb.com\/giornale1\/?p=59241"},"modified":"2018-07-25T21:59:06","modified_gmt":"2018-07-25T19:59:06","slug":"il-dono-del-sangue-tra-i-professionisti-incontro-avis-ordine-ingegneri","status":"publish","type":"post","link":"https:\/\/www.santacroceweb.com\/index.php\/2018\/07\/25\/il-dono-del-sangue-tra-i-professionisti-incontro-avis-ordine-ingegneri\/","title":{"rendered":"Il dono del sangue tra i professionisti: incontro Avis-Ordine Ingegneri"},"content":{"rendered":"<p style=\"text-align: justify;\"><strong>Mercoled\u00ec 24 luglio, presso la sede dell&#8217;Ordine degli Ingegneri di Ragusa<\/strong>, si \u00e8 tenuto un incontro fra l&#8217;Avis Sicilia, rappresentata dal presidente Salvatore Mandar\u00e0 e dal presidente emerito Vittorio Aguglia, e il Consiglio dell&#8217;Ordine, presenti il presidente Vincenzo Dimartino e i consiglieri Salvatore Di Martino, Raffaele Giannone, Vincenzo Tumino, Carmelo Lucifora e Simona Sidoti. I rappresentanti dell&#8217;Avis hanno fatto un excursus sulle finalit\u00e0 dell&#8217;associazione e sull&#8217;emergenza in atto in tema di reperimento di sangue, necessario per la cura di patologie croniche gravi e, purtroppo, molto diffuse, facendo presenti le finalit\u00e0 e i risultati che, in atto, si possono ottenere dalle donazioni, aventi una funzione educativa oltre che sociale.<\/p>\n<p style=\"text-align: justify;\"><strong>I rappresentanti dell&#8217;Ordine, fra cui qualche donatore trentennale<\/strong>, si sono dichiarati sensibili alla tematica e\u00a0 disponibili a veicolare, presso i propri iscritti, l&#8217;esistenza di tale emergenza in atto e ad operare una sensibilizzazione alla donazione di sangue. L&#8217;incontro si \u00e9 concluso con la consegna degli spillini identificativi dell&#8217;Avis a ciascuno dei consiglieri dell&#8217;Ordine e con l&#8217;impegno reciproco a collaborare da parte dei rappresentanti dell&#8217;Ordine e dell&#8217;Avis, sia a livello regionale, che in tutte le altre articolazioni territoriali.<\/p>\n","protected":false},"excerpt":{"rendered":"<p>Mercoled\u00ec 24 luglio, presso la sede dell&#8217;Ordine degli Ingegneri di Ragusa, si \u00e8 tenuto un incontro fra l&#8217;Avis Sicilia, rappresentata dal presidente Salvatore Mandar\u00e0 e dal presidente emerito Vittorio Aguglia, e il Consiglio dell&#8217;Ordine, presenti il presidente Vincenzo Dimartino e i consiglieri Salvatore Di Martino, Raffaele Giannone, Vincenzo Tumino, Carmelo Lucifora e Simona Sidoti. I [&hellip;]<\/p>\n","protected":false},"author":34,"featured_media":59242,"comment_status":"open","ping_status":"open","sticky":false,"template":"","format":"standard","meta":{"footnotes":""},"categories":[8],"tags":[],"class_list":["post-59241","post","type-post","status-publish","format-standard","has-post-thumbnail","hentry","category-attualita"],"_links":{"self":[{"href":"https:\/\/www.santacroceweb.com\/index.php\/wp-json\/wp\/v2\/posts\/59241","targetHints":{"allow":["GET"]}}],"collection":[{"href":"https:\/\/www.santacroceweb.com\/index.php\/wp-json\/wp\/v2\/posts"}],"about":[{"href":"https:\/\/www.santacroceweb.com\/index.php\/wp-json\/wp\/v2\/types\/post"}],"author":[{"embeddable":true,"href":"https:\/\/www.santacroceweb.com\/index.php\/wp-json\/wp\/v2\/users\/34"}],"replies":[{"embeddable":true,"href":"https:\/\/www.santacroceweb.com\/index.php\/wp-json\/wp\/v2\/comments?post=59241"}],"version-history":[{"count":0,"href":"https:\/\/www.santacroceweb.com\/index.php\/wp-json\/wp\/v2\/posts\/59241\/revisions"}],"wp:featuredmedia":[{"embeddable":true,"href":"https:\/\/www.santacroceweb.com\/index.php\/wp-json\/wp\/v2\/media\/59242"}],"wp:attachment":[{"href":"https:\/\/www.santacroceweb.com\/index.php\/wp-json\/wp\/v2\/media?parent=59241"}],"wp:term":[{"taxonomy":"category","embeddable":true,"href":"https:\/\/www.santacroceweb.com\/index.php\/wp-json\/wp\/v2\/categories?post=59241"},{"taxonomy":"post_tag","embeddable":true,"href":"https:\/\/www.santacroceweb.com\/index.php\/wp-json\/wp\/v2\/tags?post=59241"}],"curies":[{"name":"wp","href":"https:\/\/api.w.org\/{rel}","templated":true}]}}