{"id":59452,"date":"2018-08-05T09:30:45","date_gmt":"2018-08-05T07:30:45","guid":{"rendered":"http:\/\/www.santacroceweb.com\/giornale1\/?p=59452"},"modified":"2018-08-05T09:30:45","modified_gmt":"2018-08-05T07:30:45","slug":"jungi-il-romanzo-di-michele-zisa-presentato-di-fronte-alla-casa-di-montalbano","status":"publish","type":"post","link":"https:\/\/www.santacroceweb.com\/index.php\/2018\/08\/05\/jungi-il-romanzo-di-michele-zisa-presentato-di-fronte-alla-casa-di-montalbano\/","title":{"rendered":"&#8220;Jungi&#8221;, il romanzo di Michele Zisa presentato di fronte alla casa di Montalbano"},"content":{"rendered":"<p style=\"text-align: justify;\"><strong>Un pubblico attento e partecipe<\/strong> ha assistito alla presentazione del romanzo storico di Michele Zisa, \u201cJungi\u201d, che si \u00e8 svolta venerd\u00ec 3 agosto in Piazza Torre, di fronte alla famosa casa di Montalbano. A dialogare con lui, la giornalista Antonella Galuppi che ha guidato i vari momenti dell\u2019incontro, scanditi dalle letture di alcuni brani da parte dell\u2019attrice Giuseppina Vivera. Il romanzo, ambientato nella seconda met\u00e0 del \u2018700, narra la storia del barone Michele Catalano, proprietario del feudo Jungi, che, diviso tra la cura della sua propriet\u00e0, la volont\u00e0 di migliorare le condizioni di vita dei suoi operai e l\u2019amore per la contessina Isabella, subisce le invidie del perfido Don Giacomo, che\u00a0 cercher\u00e0 di farlo accusare di eresia e condannare presso il tribunale dell\u2019inquisizione.<\/p>\n<p style=\"text-align: justify;\"><strong>Zisa, che \u00e8 al suo quarto libro<\/strong>, ha saputo creare un\u2019opera in cui la descrizione geografica, accurata e suggestiva, riflette il contesto sociale del tempo, dove la vita del feudo \u00e8 scandita dal lavoro degli operai e dalla raccolta delle carrube. Un ambiente fatto di persone semplici che amano il barone per il suo voler essere un vero benefattore per i suoi dipendenti, ma la cui indole, disponibile e generosa, si scontra con la cattiveria di chi vorrebbe vederlo disperato e privato delle sue ricchezze. L\u2019autore ha, altres\u00ec, creato una vicenda che scorre fluida e lineare, con qualche colpo di scena che si dipana tra l\u2019incendio della Culorva, un settore del feudo, la morte di un dipendente agricolo e la vita stessa di Catalano che\u00a0 viene messa in pericolo da una misteriosa malattia. Il finale \u00e8 tutto da leggere, con il trionfo del bene sul male, come ogni romanzo che si rispetti, ma non in modo cos\u00ec scontato, bens\u00ec acuto e sofferto.<\/p>\n<div id='gallery-1' class='gallery galleryid-59452 gallery-columns-3 gallery-size-thumbnail'><figure class='gallery-item'>\n\t\t\t<div class='gallery-icon landscape'>\n\t\t\t\t<a href='https:\/\/www.santacroceweb.com\/index.php\/2018\/08\/04\/ulisse-sono-io-gabriella-rossitto-presenta-la-sua-nuova-creatura\/4-101\/'><img decoding=\"async\" width=\"150\" height=\"150\" src=\"https:\/\/www.santacroceweb.com\/giornale1\/wp-content\/uploads\/2018\/08\/4.jpg\" class=\"attachment-thumbnail size-thumbnail jl-lazyload lazyload\" alt=\"\" data-src=\"https:\/\/www.santacroceweb.com\/giornale1\/wp-content\/uploads\/2018\/08\/4-150x150.jpg\" \/><\/a>\n\t\t\t<\/div><\/figure><figure class='gallery-item'>\n\t\t\t<div class='gallery-icon landscape'>\n\t\t\t\t<a href='https:\/\/www.santacroceweb.com\/index.php\/2018\/08\/04\/ulisse-sono-io-gabriella-rossitto-presenta-la-sua-nuova-creatura\/3-134\/'><img decoding=\"async\" width=\"150\" height=\"150\" src=\"https:\/\/www.santacroceweb.com\/giornale1\/wp-content\/uploads\/2018\/08\/3.jpg\" class=\"attachment-thumbnail size-thumbnail jl-lazyload lazyload\" alt=\"\" data-src=\"https:\/\/www.santacroceweb.com\/giornale1\/wp-content\/uploads\/2018\/08\/3-150x150.jpg\" \/><\/a>\n\t\t\t<\/div><\/figure><figure class='gallery-item'>\n\t\t\t<div class='gallery-icon landscape'>\n\t\t\t\t<a href='https:\/\/www.santacroceweb.com\/index.php\/2018\/08\/04\/ulisse-sono-io-gabriella-rossitto-presenta-la-sua-nuova-creatura\/2-188\/'><img decoding=\"async\" width=\"150\" height=\"150\" src=\"https:\/\/www.santacroceweb.com\/giornale1\/wp-content\/uploads\/2018\/08\/2.jpg\" class=\"attachment-thumbnail size-thumbnail jl-lazyload lazyload\" alt=\"\" data-src=\"https:\/\/www.santacroceweb.com\/giornale1\/wp-content\/uploads\/2018\/08\/2-150x150.jpg\" \/><\/a>\n\t\t\t<\/div><\/figure><figure class='gallery-item'>\n\t\t\t<div class='gallery-icon landscape'>\n\t\t\t\t<a href='https:\/\/www.santacroceweb.com\/index.php\/2018\/08\/04\/ulisse-sono-io-gabriella-rossitto-presenta-la-sua-nuova-creatura\/1-228\/'><img loading=\"lazy\" decoding=\"async\" width=\"150\" height=\"150\" src=\"https:\/\/www.santacroceweb.com\/giornale1\/wp-content\/uploads\/2018\/08\/1.jpg\" class=\"attachment-thumbnail size-thumbnail jl-lazyload lazyload\" alt=\"\" data-src=\"https:\/\/www.santacroceweb.com\/giornale1\/wp-content\/uploads\/2018\/08\/1-150x150.jpg\" \/><\/a>\n\t\t\t<\/div><\/figure>\n\t\t<\/div>\n\n","protected":false},"excerpt":{"rendered":"<p>Un pubblico attento e partecipe ha assistito alla presentazione del romanzo storico di Michele Zisa, \u201cJungi\u201d, che si \u00e8 svolta venerd\u00ec 3 agosto in Piazza Torre, di fronte alla famosa casa di Montalbano. A dialogare con lui, la giornalista Antonella Galuppi che ha guidato i vari momenti dell\u2019incontro, scanditi dalle letture di alcuni brani da [&hellip;]<\/p>\n","protected":false},"author":34,"featured_media":59438,"comment_status":"open","ping_status":"open","sticky":false,"template":"","format":"gallery","meta":{"footnotes":""},"categories":[6],"tags":[],"class_list":["post-59452","post","type-post","status-publish","format-gallery","has-post-thumbnail","hentry","category-culturaespettacolo","post_format-post-format-gallery"],"_links":{"self":[{"href":"https:\/\/www.santacroceweb.com\/index.php\/wp-json\/wp\/v2\/posts\/59452","targetHints":{"allow":["GET"]}}],"collection":[{"href":"https:\/\/www.santacroceweb.com\/index.php\/wp-json\/wp\/v2\/posts"}],"about":[{"href":"https:\/\/www.santacroceweb.com\/index.php\/wp-json\/wp\/v2\/types\/post"}],"author":[{"embeddable":true,"href":"https:\/\/www.santacroceweb.com\/index.php\/wp-json\/wp\/v2\/users\/34"}],"replies":[{"embeddable":true,"href":"https:\/\/www.santacroceweb.com\/index.php\/wp-json\/wp\/v2\/comments?post=59452"}],"version-history":[{"count":0,"href":"https:\/\/www.santacroceweb.com\/index.php\/wp-json\/wp\/v2\/posts\/59452\/revisions"}],"wp:featuredmedia":[{"embeddable":true,"href":"https:\/\/www.santacroceweb.com\/index.php\/wp-json\/wp\/v2\/media\/59438"}],"wp:attachment":[{"href":"https:\/\/www.santacroceweb.com\/index.php\/wp-json\/wp\/v2\/media?parent=59452"}],"wp:term":[{"taxonomy":"category","embeddable":true,"href":"https:\/\/www.santacroceweb.com\/index.php\/wp-json\/wp\/v2\/categories?post=59452"},{"taxonomy":"post_tag","embeddable":true,"href":"https:\/\/www.santacroceweb.com\/index.php\/wp-json\/wp\/v2\/tags?post=59452"}],"curies":[{"name":"wp","href":"https:\/\/api.w.org\/{rel}","templated":true}]}}