{"id":60001,"date":"2018-09-07T16:43:34","date_gmt":"2018-09-07T14:43:34","guid":{"rendered":"http:\/\/www.santacroceweb.com\/giornale1\/?p=60001"},"modified":"2018-09-07T16:43:34","modified_gmt":"2018-09-07T14:43:34","slug":"donna-di-s-croce-partorisce-a-bordo-dellambulanza-la-neonata-sta-bene","status":"publish","type":"post","link":"https:\/\/www.santacroceweb.com\/index.php\/2018\/09\/07\/donna-di-s-croce-partorisce-a-bordo-dellambulanza-la-neonata-sta-bene\/","title":{"rendered":"Donna di S.Croce partorisce a bordo dell&#8217;ambulanza: la neonata sta bene"},"content":{"rendered":"<p style=\"text-align: justify;\"><strong>Due parti a bordo di ambulanze del 118 siciliano<\/strong> e nel giro di pochi giorni. Il primo nel Ragusano, il secondo in provincia di Agrigento. Due interventi sul filo dei secondi ed entrambi a lieto fine. \u201cL\u2019ennesima dimostrazione della notevole professionalit\u00e0 di tutti coloro che a vario titolo prestano servizio nel 118 in Sicilia, dimostrando ogni giorno grande competenza, sensibilit\u00e0 ed umanit\u00e0\u201d, sottolinea Roberto Colletti, amministratore unico della Seus.<\/p>\n<p style=\"text-align: justify;\"><strong>Pesa quasi 3,9 kg la neonata data alla luce il 3 settembre<\/strong> da una trentacinquenne di Santa Croce Camerina. Dopo le contrazioni sempre pi\u00f9 frequenti, da casa sua in piena notte \u00e8 partita la telefonata al 118. Dalla Centrale operativa \u00e8 stata inviata un\u2019ambulanza della postazione locale, con gli autisti-soccorritori della Seus, Dario Impoco e Gianni Zocco, e l\u2019infermiere Raffaele Battaglia. Gli operatori si sono subito resi conto che il parto era imminente, da qui la decisione di contattare la centrale operativa e richiedere l\u2019intervento anche di un\u2019ambulanza con il medico a bordo, proveniente da Ragusa.<\/p>\n<p style=\"text-align: justify;\"><strong>Il cosiddetto \u201crendez-vous\u201d con la seconda ambulanza<\/strong> \u00e8 avvenuto nella zona industriale alle porte della citt\u00e0, dove il medico Alessandro Vindigni, il soccorritore Massimo Iacono e l\u2019infermiere Vittorio Minardi si sono uniti all\u2019equipaggio della prima ambulanza. Il taglio del cordone ombelicale \u00e8 stato effettuato a pochi minuti dalle due di notte, e la neonata e la madre sono state condotte all\u2019ospedale \u201cPatern\u00f2 Arezzo\u201d per il ricovero del caso.\u00a0Nella notte di ieri (gioved\u00ec 6 settembre) un parto in ambulanza c\u2019\u00e8 stato pure in provincia di Agrigento, per la precisione tra Racalmuto e Grotte.<\/p>\n","protected":false},"excerpt":{"rendered":"<p>Due parti a bordo di ambulanze del 118 siciliano e nel giro di pochi giorni. Il primo nel Ragusano, il secondo in provincia di Agrigento. Due interventi sul filo dei secondi ed entrambi a lieto fine. \u201cL\u2019ennesima dimostrazione della notevole professionalit\u00e0 di tutti coloro che a vario titolo prestano servizio nel 118 in Sicilia, dimostrando [&hellip;]<\/p>\n","protected":false},"author":34,"featured_media":60002,"comment_status":"open","ping_status":"open","sticky":false,"template":"","format":"standard","meta":{"footnotes":""},"categories":[7,11],"tags":[],"class_list":["post-60001","post","type-post","status-publish","format-standard","has-post-thumbnail","hentry","category-cronaca","category-primopiano"],"_links":{"self":[{"href":"https:\/\/www.santacroceweb.com\/index.php\/wp-json\/wp\/v2\/posts\/60001","targetHints":{"allow":["GET"]}}],"collection":[{"href":"https:\/\/www.santacroceweb.com\/index.php\/wp-json\/wp\/v2\/posts"}],"about":[{"href":"https:\/\/www.santacroceweb.com\/index.php\/wp-json\/wp\/v2\/types\/post"}],"author":[{"embeddable":true,"href":"https:\/\/www.santacroceweb.com\/index.php\/wp-json\/wp\/v2\/users\/34"}],"replies":[{"embeddable":true,"href":"https:\/\/www.santacroceweb.com\/index.php\/wp-json\/wp\/v2\/comments?post=60001"}],"version-history":[{"count":0,"href":"https:\/\/www.santacroceweb.com\/index.php\/wp-json\/wp\/v2\/posts\/60001\/revisions"}],"wp:featuredmedia":[{"embeddable":true,"href":"https:\/\/www.santacroceweb.com\/index.php\/wp-json\/wp\/v2\/media\/60002"}],"wp:attachment":[{"href":"https:\/\/www.santacroceweb.com\/index.php\/wp-json\/wp\/v2\/media?parent=60001"}],"wp:term":[{"taxonomy":"category","embeddable":true,"href":"https:\/\/www.santacroceweb.com\/index.php\/wp-json\/wp\/v2\/categories?post=60001"},{"taxonomy":"post_tag","embeddable":true,"href":"https:\/\/www.santacroceweb.com\/index.php\/wp-json\/wp\/v2\/tags?post=60001"}],"curies":[{"name":"wp","href":"https:\/\/api.w.org\/{rel}","templated":true}]}}