{"id":60075,"date":"2018-09-18T10:12:02","date_gmt":"2018-09-18T08:12:02","guid":{"rendered":"http:\/\/www.santacroceweb.com\/giornale1\/?p=60075"},"modified":"2018-09-18T10:12:02","modified_gmt":"2018-09-18T08:12:02","slug":"la-scuola-delle-polemiche-zago-perche-pendolari-viaggiano-a-loro-spese","status":"publish","type":"post","link":"https:\/\/www.santacroceweb.com\/index.php\/2018\/09\/18\/la-scuola-delle-polemiche-zago-perche-pendolari-viaggiano-a-loro-spese\/","title":{"rendered":"La scuola delle polemiche. Zago: &#8220;Perch\u00e9 pendolari viaggiano a loro spese?&#8221;"},"content":{"rendered":"<p style=\"text-align: justify;\"><strong>Ricomincia la scuola e riemergono i vecchi problemi.<\/strong> A pochi giorni dal ritorno in classe dei ragazzi, la consigliera di Diventer\u00e0 Bellissima Chiara Zago mette sul tavolo dell&#8217;Amministrazione la problematica dei pendolari, che hanno ripreso a viaggiare a proprie spese e su mezzi, spesso, poco idonei. Ecco la nota della Zago che pubblichiamo in versione integrale:<\/p>\n<p style=\"text-align: justify;\"><strong>&#8220;L\u2019estate volge al termine<\/strong> ed \u00e8 tempo di rientro dalle vacanze per quanti hanno finito le ferie e tornano a lavoro ed \u00e8 tempo di rientro anche, per i nostri ragazzi, tra i banchi di scuola.<\/p>\n<p style=\"text-align: justify;\"><strong>A proposito dei nostri ragazzi<\/strong>, ci viene da pensare che forse, i nostri amministratori, che pure si dicono tanto vicini e sensibili al tema della scuola, alle problematiche ad essa inerenti ed agli interessi degli studenti, abbiano un attimino perso il senso del tempo. Considerato che per questa amministrazione l&#8217;estate ha avuto inizio il 20 luglio con la presentazione del programma estivo ed a seguire con i \u201cmeravigliosi\u201d servizi e provvedimenti inerenti la fascia costiera, \u00e8 probabile che non si siano capacitati del fatto che le attivit\u00e0 scolastiche riprendono il 12 settembre e non l&#8217;uno di ottobre come accadeva parecchi anni fa.<\/p>\n<p style=\"text-align: justify;\"><strong>Ci chiediamo questo perch\u00e9 i nostri ragazzi pendolari<\/strong> che frequentano le scuole medie superiori viaggiano pagando per intero l\u2019abbonamento per i viaggi in pullman e a detta della responsabile della ditta dei trasporti, forse la convenzione col Comune partir\u00e0 dal mese di Ottobre e non si sa ancora in che percentuale il Comune contribuir\u00e0 con le famiglie per sostenere tale spesa.<\/p>\n<p style=\"text-align: justify;\"><strong>Ci chiediamo inoltre, alla luce di quanto accaduto<\/strong> mercoled\u00ec 12 settembre, primo giorno di scuola, se il Comune effettua dei controlli o per lo meno chiede alla ditta dei trasporti un resoconto sullo stato dei mezzi sui quali viaggiano i nostri ragazzi. Mercoled\u00ec mattina, uno degli autobus che dovrebbe portare i ragazzi nelle scuole che si trovano fuori dal territorio comunale, \u00e8 rimasto fermo per un guasto appena fuori le porte di Santa Croce ed \u00e8 stato necessario l\u2019intervento di un secondo mezzo che lo raggiungesse per portare i ragazzi a scuola col risultato che questi poveri studenti sono entrati a scuola in ritardo gi\u00e0 il primo giorno di scuola&#8230; Come inizio non c&#8217;\u00e8 male! Vogliamo sperare che non si vada a peggiorare&#8230;&#8221;.<\/p>\n","protected":false},"excerpt":{"rendered":"<p>Ricomincia la scuola e riemergono i vecchi problemi. A pochi giorni dal ritorno in classe dei ragazzi, la consigliera di Diventer\u00e0 Bellissima Chiara Zago mette sul tavolo dell&#8217;Amministrazione la problematica dei pendolari, che hanno ripreso a viaggiare a proprie spese e su mezzi, spesso, poco idonei. Ecco la nota della Zago che pubblichiamo in versione [&hellip;]<\/p>\n","protected":false},"author":34,"featured_media":53869,"comment_status":"open","ping_status":"open","sticky":false,"template":"","format":"standard","meta":{"footnotes":""},"categories":[4],"tags":[],"class_list":["post-60075","post","type-post","status-publish","format-standard","has-post-thumbnail","hentry","category-politica"],"_links":{"self":[{"href":"https:\/\/www.santacroceweb.com\/index.php\/wp-json\/wp\/v2\/posts\/60075","targetHints":{"allow":["GET"]}}],"collection":[{"href":"https:\/\/www.santacroceweb.com\/index.php\/wp-json\/wp\/v2\/posts"}],"about":[{"href":"https:\/\/www.santacroceweb.com\/index.php\/wp-json\/wp\/v2\/types\/post"}],"author":[{"embeddable":true,"href":"https:\/\/www.santacroceweb.com\/index.php\/wp-json\/wp\/v2\/users\/34"}],"replies":[{"embeddable":true,"href":"https:\/\/www.santacroceweb.com\/index.php\/wp-json\/wp\/v2\/comments?post=60075"}],"version-history":[{"count":0,"href":"https:\/\/www.santacroceweb.com\/index.php\/wp-json\/wp\/v2\/posts\/60075\/revisions"}],"wp:featuredmedia":[{"embeddable":true,"href":"https:\/\/www.santacroceweb.com\/index.php\/wp-json\/wp\/v2\/media\/53869"}],"wp:attachment":[{"href":"https:\/\/www.santacroceweb.com\/index.php\/wp-json\/wp\/v2\/media?parent=60075"}],"wp:term":[{"taxonomy":"category","embeddable":true,"href":"https:\/\/www.santacroceweb.com\/index.php\/wp-json\/wp\/v2\/categories?post=60075"},{"taxonomy":"post_tag","embeddable":true,"href":"https:\/\/www.santacroceweb.com\/index.php\/wp-json\/wp\/v2\/tags?post=60075"}],"curies":[{"name":"wp","href":"https:\/\/api.w.org\/{rel}","templated":true}]}}