{"id":60716,"date":"2018-10-30T16:02:41","date_gmt":"2018-10-30T15:02:41","guid":{"rendered":"http:\/\/www.santacroceweb.com\/giornale1\/?p=60716"},"modified":"2018-10-30T16:02:41","modified_gmt":"2018-10-30T15:02:41","slug":"nico-riunisce-affetto-e-solidarieta-una-passeggiata-in-paese-per-ricordarlo","status":"publish","type":"post","link":"https:\/\/www.santacroceweb.com\/index.php\/2018\/10\/30\/nico-riunisce-affetto-e-solidarieta-una-passeggiata-in-paese-per-ricordarlo\/","title":{"rendered":"Nico riunisce affetto e solidariet\u00e0: una passeggiata in paese per ricordarlo"},"content":{"rendered":"<p style=\"text-align: justify;\"><strong>Un pensiero speciale per Nico<\/strong>, a un anno dalla sua scomparsa. Quel sorriso e quell\u2019aria da sognatore felice, nessuno ce li porter\u00e0 via. Cos\u00ec un gruppo di amici, per mercoled\u00ec pomeriggio, ha organizzato una passeggiata nel cuore di Santa Croce Camerina per rendere omaggio al ricordo di Rosario Domenico Provenzano, <span style=\"text-decoration: underline;\"><span style=\"color: #ff0000; text-decoration: underline;\"><strong><a style=\"color: #ff0000; text-decoration: underline;\" href=\"https:\/\/www.santacroceweb.com\/giornale1\/index.php\/2017\/11\/01\/santa-croce-piange-nico-il-barman-con-il-sorriso-ci-lascia-ad-appena-33-anni\/\">il barman scippato alla vita ad appena 33 anni<\/a><\/strong><\/span><\/span>, colpa di un male incurabile. L\u2019iniziativa si chiama &#8220;Un anno senza Nico\u201d ed \u00e8 organizzata da un gruppo di \u201ccamminatori sportivi\u201d di Marina di Ragusa: i \u201cSiemu a peri\u201d. Alla messa in suffragio, che si terr\u00e0 alle 18.30 in chiesa Madre, seguir\u00e0 una passeggiata per le vie del centro. L\u2019iniziativa, per\u00f2, ha assunto anche i contorni della solidariet\u00e0: \u201cIn ricordo di Nico \u2013 spiegano gli organizzatori &#8211; abbiamo indetto una raccolta fondi in favore dell&#8217;AIL &#8211; Associazione italiana contro le leucemie, che nasce e realizza la sua mission nel promuovere e sostenere la ricerca scientifica per la cura delle leucemie, dei linfomi e del mieloma. Vi aspettiamo Tutti\/e insieme per Nico e a fianco dell&#8217;AIL\u201d. Una causa nobile per ricordare un amico spensierato. Siateci, perch\u00e9 lui lo merita.<\/p>\n","protected":false},"excerpt":{"rendered":"<p>Un pensiero speciale per Nico, a un anno dalla sua scomparsa. Quel sorriso e quell\u2019aria da sognatore felice, nessuno ce li porter\u00e0 via. Cos\u00ec un gruppo di amici, per mercoled\u00ec pomeriggio, ha organizzato una passeggiata nel cuore di Santa Croce Camerina per rendere omaggio al ricordo di Rosario Domenico Provenzano, il barman scippato alla vita [&hellip;]<\/p>\n","protected":false},"author":34,"featured_media":60717,"comment_status":"open","ping_status":"open","sticky":false,"template":"","format":"standard","meta":{"footnotes":""},"categories":[8],"tags":[],"class_list":["post-60716","post","type-post","status-publish","format-standard","has-post-thumbnail","hentry","category-attualita"],"_links":{"self":[{"href":"https:\/\/www.santacroceweb.com\/index.php\/wp-json\/wp\/v2\/posts\/60716","targetHints":{"allow":["GET"]}}],"collection":[{"href":"https:\/\/www.santacroceweb.com\/index.php\/wp-json\/wp\/v2\/posts"}],"about":[{"href":"https:\/\/www.santacroceweb.com\/index.php\/wp-json\/wp\/v2\/types\/post"}],"author":[{"embeddable":true,"href":"https:\/\/www.santacroceweb.com\/index.php\/wp-json\/wp\/v2\/users\/34"}],"replies":[{"embeddable":true,"href":"https:\/\/www.santacroceweb.com\/index.php\/wp-json\/wp\/v2\/comments?post=60716"}],"version-history":[{"count":0,"href":"https:\/\/www.santacroceweb.com\/index.php\/wp-json\/wp\/v2\/posts\/60716\/revisions"}],"wp:featuredmedia":[{"embeddable":true,"href":"https:\/\/www.santacroceweb.com\/index.php\/wp-json\/wp\/v2\/media\/60717"}],"wp:attachment":[{"href":"https:\/\/www.santacroceweb.com\/index.php\/wp-json\/wp\/v2\/media?parent=60716"}],"wp:term":[{"taxonomy":"category","embeddable":true,"href":"https:\/\/www.santacroceweb.com\/index.php\/wp-json\/wp\/v2\/categories?post=60716"},{"taxonomy":"post_tag","embeddable":true,"href":"https:\/\/www.santacroceweb.com\/index.php\/wp-json\/wp\/v2\/tags?post=60716"}],"curies":[{"name":"wp","href":"https:\/\/api.w.org\/{rel}","templated":true}]}}