{"id":61532,"date":"2018-12-18T11:33:24","date_gmt":"2018-12-18T10:33:24","guid":{"rendered":"http:\/\/www.santacroceweb.com\/giornale1\/?p=61532"},"modified":"2018-12-18T11:33:24","modified_gmt":"2018-12-18T10:33:24","slug":"la-nativita-a-ragusa-dal-25-dicembre-il-presepe-vivente-nel-quartiere-ecce-homo","status":"publish","type":"post","link":"https:\/\/www.santacroceweb.com\/index.php\/2018\/12\/18\/la-nativita-a-ragusa-dal-25-dicembre-il-presepe-vivente-nel-quartiere-ecce-homo\/","title":{"rendered":"La nativit\u00e0 a Ragusa: dal 25 dicembre il presepe vivente nel quartiere Ecce Homo"},"content":{"rendered":"<p style=\"text-align: justify;\"><strong>Non c\u2019\u00e8 solo la bellezza del presepe vivente<\/strong>, da mirare e rimirare, calandosi nelle atmosfere di una volta, una rappresentazione capace di coinvolgere un intero quartiere. Ma anche lo straordinario richiamo delle serate a tema che consentiranno di trascorrere delle ore spensierate, consentendo di evidenziare nella maniera pi\u00f9 significativa lo spirito del Natale. E\u2019 questo l\u2019obiettivo del presepe vivente del centro storico di Ragusa che andr\u00e0 in scena nei pressi della chiesa Santissimo Ecce Homo e del suo quartiere, in programma nelle giornate del 25, 26, 29 e 30 dicembre oltre che dell\u20191, 5 e 6 gennaio, a partire dalle 18 e sino alle 22. Proprio in queste ore \u00e8 stato pubblicato il programma definitivo riferito all\u2019animazione nelle varie serate. A cominciare da quella del 25 quando, nel pomeriggio, alle 17, sar\u00e0 dato il via alla rappresentazione con il corteo dei figuranti da piazza Poste fino a raggiungere l\u2019ingresso del presepe. L\u2019inaugurazione \u00e8 in programma alle 17,30 mentre la serata sar\u00e0 allietata dall\u2019associazione culturale \u201cGli ultimi cantastorie\u201d con zampognaro e suonatore di cornamusa. Mercoled\u00ec 26, invece, la serata sar\u00e0 caratterizzata dalla musica con la fisarmonica di Rosario Maltese. Si prosegue il 29 dicembre con la serata culturale animata dal prof. Giorgio Flaccavento che alle 19 parler\u00e0 di \u201cTradizioni da rivivere, gli antichi mestieri\u201d.<\/p>\n<p style=\"text-align: justify;\"><strong>Domenica 30 dicembre, invece<\/strong>, ad allietare la serata penser\u00e0 l\u2019associazione culturale musicale San Giorgio 1892 di Ragusa con \u201cDolci note di Natale\u201d. Si prosegue con l\u2019appuntamento di luned\u00ec 1 gennaio quando intratterr\u00e0 i visitatori il prof. Gianni Carf\u00ec con la sua chitarra. Quindi, il prof. Carf\u00ec ritorner\u00e0 anche il 5 gennaio. In quella occasione, a partire dalle 19, ci sar\u00e0 pure la performance del coro Mariele Ventre di Ragusa. Domenica 6 gennaio, poi, alle 17, l\u2019inizio del corteo dei magi a cavallo e dei figuranti dalla chiesa Maria Ausiliatrice fino a raggiungere l\u2019ingresso del presepe, in collaborazione con l\u2019associazione equestre ranch La Cilonia di Roberto Caruso, Saretto e Luana. Nella stessa serata ad occuparsi di allietare la presenza dei visitatori l\u2019orchestra e il coro dell\u2019istituto comprensivo Maria Schinin\u00e0 di Ragusa a partire dalle 20 con \u201cEnjoy Christmas\u201d. Durante le varie serate i visitatori potranno degustare: ricotta caura, viscotti sciuti ra machina, mitilugghi, ciciri, biancu mangiari, pani cu l\u2019ova, pani cunzatu. Sulla facciata della chiesa Ecce Homo sar\u00e0 proiettata una illuminazione artistica a cura della ditta Illuminarte di Massimo Firullo di Ragusa. Le sante messe nelle giornate 25 e 30 dicembre, 1 e 6 gennaio, all\u2019Ecce Homo si terranno alle 9, alle 11 e alle 18. Gli organizzatori, inoltre, precisano che l\u2019ingresso, oltre a essere libero, \u00e8 senza barriere architettoniche. Per informazioni \u00e8 possibile contattare lo 0932.621778 oppure il 333.7211109.<\/p>\n","protected":false},"excerpt":{"rendered":"<p>Non c\u2019\u00e8 solo la bellezza del presepe vivente, da mirare e rimirare, calandosi nelle atmosfere di una volta, una rappresentazione capace di coinvolgere un intero quartiere. Ma anche lo straordinario richiamo delle serate a tema che consentiranno di trascorrere delle ore spensierate, consentendo di evidenziare nella maniera pi\u00f9 significativa lo spirito del Natale. E\u2019 questo [&hellip;]<\/p>\n","protected":false},"author":34,"featured_media":61533,"comment_status":"open","ping_status":"open","sticky":false,"template":"","format":"standard","meta":{"footnotes":""},"categories":[6,22],"tags":[],"class_list":["post-61532","post","type-post","status-publish","format-standard","has-post-thumbnail","hentry","category-culturaespettacolo","category-provincia"],"_links":{"self":[{"href":"https:\/\/www.santacroceweb.com\/index.php\/wp-json\/wp\/v2\/posts\/61532","targetHints":{"allow":["GET"]}}],"collection":[{"href":"https:\/\/www.santacroceweb.com\/index.php\/wp-json\/wp\/v2\/posts"}],"about":[{"href":"https:\/\/www.santacroceweb.com\/index.php\/wp-json\/wp\/v2\/types\/post"}],"author":[{"embeddable":true,"href":"https:\/\/www.santacroceweb.com\/index.php\/wp-json\/wp\/v2\/users\/34"}],"replies":[{"embeddable":true,"href":"https:\/\/www.santacroceweb.com\/index.php\/wp-json\/wp\/v2\/comments?post=61532"}],"version-history":[{"count":0,"href":"https:\/\/www.santacroceweb.com\/index.php\/wp-json\/wp\/v2\/posts\/61532\/revisions"}],"wp:featuredmedia":[{"embeddable":true,"href":"https:\/\/www.santacroceweb.com\/index.php\/wp-json\/wp\/v2\/media\/61533"}],"wp:attachment":[{"href":"https:\/\/www.santacroceweb.com\/index.php\/wp-json\/wp\/v2\/media?parent=61532"}],"wp:term":[{"taxonomy":"category","embeddable":true,"href":"https:\/\/www.santacroceweb.com\/index.php\/wp-json\/wp\/v2\/categories?post=61532"},{"taxonomy":"post_tag","embeddable":true,"href":"https:\/\/www.santacroceweb.com\/index.php\/wp-json\/wp\/v2\/tags?post=61532"}],"curies":[{"name":"wp","href":"https:\/\/api.w.org\/{rel}","templated":true}]}}