{"id":61539,"date":"2018-12-19T11:33:12","date_gmt":"2018-12-19T10:33:12","guid":{"rendered":"http:\/\/www.santacroceweb.com\/giornale1\/?p=61539"},"modified":"2018-12-19T11:33:12","modified_gmt":"2018-12-19T10:33:12","slug":"le-eccellenze-agroalimentari-in-vetrina-barone-allincontro-di-pedalino","status":"publish","type":"post","link":"https:\/\/www.santacroceweb.com\/index.php\/2018\/12\/19\/le-eccellenze-agroalimentari-in-vetrina-barone-allincontro-di-pedalino\/","title":{"rendered":"Le eccellenze agroalimentari in vetrina: Barone all&#8217;incontro di Pedalino"},"content":{"rendered":"<p style=\"text-align: justify;\"><strong>Si \u00e8 tenuto luned\u00ec pomeriggio a Pedalino<\/strong>, nel Centro Culturale Esperia, un convegno sul tema: &#8220;Le eccellenze agroalimentari e artigianali di qualit\u00e0 nel comprensorio ipparino. Strumenti ed azioni per rafforzare la presenza sui mercati nazionali ed internazionali&#8221;. Il convegno \u00e8 stato promosso nell&#8217;ambito del &#8220;Progetto integrato per il sostegno e la valorizzazione delle eccellenze agroalimentari ipparine&#8221;, approvato nell&#8217;ambito del piano promozionale della Regione Siciliana.<\/p>\n<p style=\"text-align: justify;\"><strong>Il progetto ha visto un partenariato tra diversi enti e associazioni.<\/strong> Tra i tanti il Comune di Santa Croce Camerina, il Comune di Acate, la Cna, la C.S.S Polisportiva Pedalino, l&#8217;associazione Ippos Arte e Cultura e Ada Comunicazione (ente capofila del progetto). Sono intervenuti i sindaci di Santa Croce Giovanni Barone e di Acate Giovanni Di Natale per evidenziare le azioni di promozione del territorio e dei prodotti d&#8217;eccellenza che sono state portate avanti nell&#8217;ultimo mese. Sulle eccellenze agroalimentari e la Sagra della Vendemmia ha parlato Gaetano Scollo (C.S.C Polisportiva Pedalino), mentre sull&#8217;artigianato locale e la storia delle esperienze comisane si \u00e8 soffermato Stefano Garofalo (Associazione Ippos). Per concludere sono previsti sono intervenuti Cristina Dragoi sulla rete WTPF e le prospettive per le aziende connesse e Alessandro Dimartino (responsabile Cna Turismo) sugli interventi e iniziative concertate a sostegno dello sviluppo del territorio.<\/p>\n<p style=\"text-align: justify;\"><strong>L&#8217;intero progetto si \u00e8 focalizzato<\/strong> sulla promozione dell&#8217;eccellenza del territorio ipparino, in particolare dell&#8217;agroalimentare e dell&#8217;artigianato. Dopo la presenza di otto aziende alla fiera milanese di Artigianato in Fiera si \u00e8 tenuta una Mostra Mercato nella suggestiva cornice del Castello Biscari di Acate nei giorni 15 e 16 dicembre. &#8220;Con il convegno a Pedalino &#8211; spiegano gli organizzatori di Ada Comunicazione- si \u00e8 concluso un progetto di promozione territoriale che ha coinvolto diverse citt\u00e0 e molte aziende del comprensorio. L&#8217;ipparino ha un grande potenziale in termini di attrattivit\u00e0 turistica proprio grazie all&#8217;agroalimentare e alle tradizioni e agli eventi legati al buon cibo. Un passo avanti su questo percorso di valorizzazione \u00e8 stato compiuto senza dubbio. A Milano, durante Artigianato in Fiera, gli stand delle nostre aziende sono stati visitatissimi e si \u00e8 riusciti a promuovere il nostro prodotto&#8221;.<\/p>\n","protected":false},"excerpt":{"rendered":"<p>Si \u00e8 tenuto luned\u00ec pomeriggio a Pedalino, nel Centro Culturale Esperia, un convegno sul tema: &#8220;Le eccellenze agroalimentari e artigianali di qualit\u00e0 nel comprensorio ipparino. Strumenti ed azioni per rafforzare la presenza sui mercati nazionali ed internazionali&#8221;. Il convegno \u00e8 stato promosso nell&#8217;ambito del &#8220;Progetto integrato per il sostegno e la valorizzazione delle eccellenze agroalimentari [&hellip;]<\/p>\n","protected":false},"author":34,"featured_media":61540,"comment_status":"open","ping_status":"open","sticky":false,"template":"","format":"standard","meta":{"footnotes":""},"categories":[8],"tags":[],"class_list":["post-61539","post","type-post","status-publish","format-standard","has-post-thumbnail","hentry","category-attualita"],"_links":{"self":[{"href":"https:\/\/www.santacroceweb.com\/index.php\/wp-json\/wp\/v2\/posts\/61539","targetHints":{"allow":["GET"]}}],"collection":[{"href":"https:\/\/www.santacroceweb.com\/index.php\/wp-json\/wp\/v2\/posts"}],"about":[{"href":"https:\/\/www.santacroceweb.com\/index.php\/wp-json\/wp\/v2\/types\/post"}],"author":[{"embeddable":true,"href":"https:\/\/www.santacroceweb.com\/index.php\/wp-json\/wp\/v2\/users\/34"}],"replies":[{"embeddable":true,"href":"https:\/\/www.santacroceweb.com\/index.php\/wp-json\/wp\/v2\/comments?post=61539"}],"version-history":[{"count":0,"href":"https:\/\/www.santacroceweb.com\/index.php\/wp-json\/wp\/v2\/posts\/61539\/revisions"}],"wp:featuredmedia":[{"embeddable":true,"href":"https:\/\/www.santacroceweb.com\/index.php\/wp-json\/wp\/v2\/media\/61540"}],"wp:attachment":[{"href":"https:\/\/www.santacroceweb.com\/index.php\/wp-json\/wp\/v2\/media?parent=61539"}],"wp:term":[{"taxonomy":"category","embeddable":true,"href":"https:\/\/www.santacroceweb.com\/index.php\/wp-json\/wp\/v2\/categories?post=61539"},{"taxonomy":"post_tag","embeddable":true,"href":"https:\/\/www.santacroceweb.com\/index.php\/wp-json\/wp\/v2\/tags?post=61539"}],"curies":[{"name":"wp","href":"https:\/\/api.w.org\/{rel}","templated":true}]}}