{"id":62170,"date":"2019-02-09T11:28:43","date_gmt":"2019-02-09T10:28:43","guid":{"rendered":"http:\/\/www.santacroceweb.com\/giornale1\/?p=62170"},"modified":"2019-02-09T11:28:43","modified_gmt":"2019-02-09T10:28:43","slug":"due-corsi-per-diventare-imprenditori-e-possibile-grazie-al-gal-terra-barocca","status":"publish","type":"post","link":"https:\/\/www.santacroceweb.com\/index.php\/2019\/02\/09\/due-corsi-per-diventare-imprenditori-e-possibile-grazie-al-gal-terra-barocca\/","title":{"rendered":"Due corsi per diventare imprenditori: \u00e8 possibile grazie al Gal Terra Barocca"},"content":{"rendered":"<p style=\"text-align: justify;\"><strong>Il GAL Terra Barocca<\/strong> \u00e8 stato accreditato come Soggetto Attuatore facente parte della \u201cRetemicrocredito\u201d nell\u2019ambito dell\u2019azione \u201cYES I START UP \u2013 Formazione per l\u2019Avvio d\u2019impresa\u201d ed ha gi\u00e0 avviato l\u2019iter per la realizzazione di due percorsi di accompagnamento all\u2019autoimpiego e all\u2019autoimprenditorialit\u00e0, finalizzati alla formazione di aspiranti imprenditori. Il progetto realizzato dall\u2019Ente Nazionale Microcredito, destinato a giovani Neet iscritti a Garanzia Giovani di et\u00e0 compresa tra i 18 e i 29 anni, non occupati, non impegnati nello studio, n\u00e9 in percorsi di formazione, ha la finalit\u00e0 di supportarli nella ricerca e realizzazione del loro modello imprenditoriale e nello sviluppo del relativo piano di impresa, trasferendo ai giovani che potranno accedere ai percorsi formativi gli strumenti di pianificazione aziendale quali: analisi del mercato e della concorrenza, conoscenza approfondita del mercato di riferimento, basi legislative, economico e finanziarie, redazione di piano d\u2019impresa e relativa business idea.<\/p>\n<p style=\"text-align: justify;\"><strong>I due percorsi formativi si svolgeranno<\/strong> presso la sede del GAL all\u2019Assessorato allo Sviluppo Economico del Comune di Ragusa, Zona Artigianale di C.da Mugno, e uno a Modica presso la sede del GAL in Piazza Matteotti 8 (ex Convento delle Carmelitane), rispettivamente per i giovani Neet residenti a Ragusa e Santa Croce Camerina, e per i giovani Neet residenti a Modica, Scicli e Ispica. I giovani interessati, che possiedono i requisiti sopra descritti, possono effettuare una preiscrizione e\/o chiedere informazioni attraverso la casella di posta elettronica del GAL Terra Barocca microcredito@galterrabarocca.com, e verranno prontamente contattati dall\u2019Ufficio del GAL. I corsi saranno avviati a cicli di 60 giorni: la prima scadenza per le iscrizioni \u00e8 fissata per il 20 febbraio 2019. A conclusione del percorso formativo i giovani, per concretizzare la loro idea imprenditoriale, potranno accedere al microcredito e a finanziamenti agevolati da un minimo di euro 5mila ad un massimo di euro 50mila.<\/p>\n<p style=\"text-align: justify;\"><strong>L\u2019iniziativa \u00e8 stata fortemente voluta<\/strong> dall\u2019Amministrazione del GAL Terra Barocca nell\u2019ottica delle attivit\u00e0 finalizzate all\u2019incentivazione del lavoro giovanile. \u201cL\u2019inoccupazione giovanile rappresenta un serio problema sociale \u2013 dice Ignazio Abbate, Presidente del GAL che ha come soci pubblici, oltre al Comune di Modica anche i Comuni di Ragusa, Scicli, Ispica e Santa Croce Camerina \u2013 Con YES I START UP intendiamo promuovere attivamente una politica del lavoro che possa coinvolga quanti pi\u00f9 ragazzi possibile tra quanti, avendo terminato gli studi, cercano di entrare nel complesso mondo del lavoro.\u201d<\/p>\n","protected":false},"excerpt":{"rendered":"<p>Il GAL Terra Barocca \u00e8 stato accreditato come Soggetto Attuatore facente parte della \u201cRetemicrocredito\u201d nell\u2019ambito dell\u2019azione \u201cYES I START UP \u2013 Formazione per l\u2019Avvio d\u2019impresa\u201d ed ha gi\u00e0 avviato l\u2019iter per la realizzazione di due percorsi di accompagnamento all\u2019autoimpiego e all\u2019autoimprenditorialit\u00e0, finalizzati alla formazione di aspiranti imprenditori. Il progetto realizzato dall\u2019Ente Nazionale Microcredito, destinato a [&hellip;]<\/p>\n","protected":false},"author":34,"featured_media":62171,"comment_status":"open","ping_status":"open","sticky":false,"template":"","format":"standard","meta":{"footnotes":""},"categories":[8],"tags":[],"class_list":["post-62170","post","type-post","status-publish","format-standard","has-post-thumbnail","hentry","category-attualita"],"_links":{"self":[{"href":"https:\/\/www.santacroceweb.com\/index.php\/wp-json\/wp\/v2\/posts\/62170","targetHints":{"allow":["GET"]}}],"collection":[{"href":"https:\/\/www.santacroceweb.com\/index.php\/wp-json\/wp\/v2\/posts"}],"about":[{"href":"https:\/\/www.santacroceweb.com\/index.php\/wp-json\/wp\/v2\/types\/post"}],"author":[{"embeddable":true,"href":"https:\/\/www.santacroceweb.com\/index.php\/wp-json\/wp\/v2\/users\/34"}],"replies":[{"embeddable":true,"href":"https:\/\/www.santacroceweb.com\/index.php\/wp-json\/wp\/v2\/comments?post=62170"}],"version-history":[{"count":0,"href":"https:\/\/www.santacroceweb.com\/index.php\/wp-json\/wp\/v2\/posts\/62170\/revisions"}],"wp:featuredmedia":[{"embeddable":true,"href":"https:\/\/www.santacroceweb.com\/index.php\/wp-json\/wp\/v2\/media\/62171"}],"wp:attachment":[{"href":"https:\/\/www.santacroceweb.com\/index.php\/wp-json\/wp\/v2\/media?parent=62170"}],"wp:term":[{"taxonomy":"category","embeddable":true,"href":"https:\/\/www.santacroceweb.com\/index.php\/wp-json\/wp\/v2\/categories?post=62170"},{"taxonomy":"post_tag","embeddable":true,"href":"https:\/\/www.santacroceweb.com\/index.php\/wp-json\/wp\/v2\/tags?post=62170"}],"curies":[{"name":"wp","href":"https:\/\/api.w.org\/{rel}","templated":true}]}}