{"id":62556,"date":"2019-02-24T11:18:55","date_gmt":"2019-02-24T10:18:55","guid":{"rendered":"http:\/\/www.santacroceweb.com\/giornale1\/?p=62556"},"modified":"2019-02-25T11:36:30","modified_gmt":"2019-02-25T10:36:30","slug":"venti-di-burrasca-a-santa-croce-danneggiata-la-palestra","status":"publish","type":"post","link":"https:\/\/www.santacroceweb.com\/index.php\/2019\/02\/24\/venti-di-burrasca-a-santa-croce-danneggiata-la-palestra\/","title":{"rendered":"Venti di burrasca, a Santa Croce danneggiata la palestra <font color=red>VIDEO<\/font>"},"content":{"rendered":"<p style=\"text-align: justify;\"><strong>La domenica fuori porta \u00e8 andata in fumo.<\/strong> Il maltempo imperversa su tutta la provincia di Ragusa fin dal pomeriggio di ieri. La neve sul comune capoluogo, venuta gi\u00f9 dalle prime ore di sabato, era solo un antipasto di quello che si candida a essere il weekend peggiore di questo primo scorcio del 2019. A Pozzallo un ragazzo di 15 anni \u00e8 rimasto ferito (e trasportato in ospedale) a causa di un cornicione che si \u00e8 staccato dall\u2019edificio della stazione dei treni. Sul versante modicano sono stati divelti alberi, cartelloni stradali e banner pubblicitari. Come comunicato dal sindaco Ignazio Abbate, fin da questa notte \u00e8 attivo il presidio di Protezione civile per eventuali segnalazioni. Via Nazionale \u00e8 stata chiusa alla circolazione, danni anche al Teatro della Cultura (stop alla fruizione del pubblico). Un gruppo di operai \u00e8 in giro per la citt\u00e0 a ripristinare i cassonetti della spazzatura che si sono ribaltati. A causa del forte vento, \u00e8 volato via anche l&#8217;orologio della chiesa di San Giovanni, a Modica alta.<\/p>\n<p><iframe style=\"border: none; overflow: hidden;\" src=\"https:\/\/www.facebook.com\/plugins\/post.php?href=https%3A%2F%2Fwww.facebook.com%2Filsindacocheconosci%2Fposts%2F986517881554603&amp;width=500\" width=\"500\" height=\"802\" frameborder=\"0\" scrolling=\"no\"><\/iframe><\/p>\n<p style=\"text-align: justify;\"><strong>A Ragusa &#8211; dove \u00e8 stato chiuso<\/strong> anche il parco del Castello di Donnafugata &#8211; alcuni alberi sono stati sradicati, finendo per strada: \u00e8 successo nelle centralissime via Archimede e viale Tenente Lena. Molte tettoie sono state divelte. Per fortuna nessuno si \u00e8 fatto male.\u00a0 Un lastra di metallo si \u00e8 staccata in via Ugo La Malfa, finendo accanto a un&#8217;auto parcheggiata. In via Odierna sono volati via dei recipienti e una parabola. Un tratto di Corso Italia \u00e8 stato chiuso. Anche il sindaco Cass\u00ec ha attivato il presidio di Protezione civile.<\/p>\n<p><iframe style=\"border: none; overflow: hidden;\" src=\"https:\/\/www.facebook.com\/plugins\/post.php?href=https%3A%2F%2Fwww.facebook.com%2FcomuneRG%2Fposts%2F1370442523097367&amp;width=500\" width=\"500\" height=\"770\" frameborder=\"0\" scrolling=\"no\"><\/iframe><\/p>\n<p style=\"text-align: justify;\"><strong>Per tutta la giornata di oggi sull\u2019Isola<\/strong> \u00e8 allerta gialla. Anche a Santa Croce Camerina non mancano i danni. I teloni esterni della palestra tensostatica dedicata al piccolo Loris Stival, in viale degli Atleti, sono stati &#8220;stracciati&#8221; via dal vento, che ha divelto la lamiera di una delle tribune dello stadio. Alcuni alberi sono stati piegati in due e la furia di Eolo non ha risparmiato alcuni pali della pubblica illuminazione. Il sindaco e la Protezione civile si sono recati sul posto per la conta.<\/p>\n<p><iframe style=\"border: none; overflow: hidden;\" src=\"https:\/\/www.facebook.com\/plugins\/video.php?href=https%3A%2F%2Fwww.facebook.com%2Fgiovanni.barone.509%2Fvideos%2F10214087716532347%2F&amp;show_text=0&amp;width=269\" width=\"269\" height=\"476\" frameborder=\"0\" scrolling=\"no\" allowfullscreen=\"allowfullscreen\"><\/iframe><\/p>\n<p style=\"text-align: justify;\"><strong><img fetchpriority=\"high\" decoding=\"async\" class=\"alignright wp-image-62580 size-medium lazyload\" src=\"data:image\/gif;base64,R0lGODlhAQABAAAAACH5BAEKAAEALAAAAAABAAEAAAICTAEAOw==\" data-src=\"https:\/\/www.santacroceweb.com\/giornale1\/wp-content\/uploads\/2019\/02\/palestra-169x300.jpg\" alt=\"\" width=\"169\" height=\"300\" data-sizes=\"auto\" data-srcset=\"https:\/\/www.santacroceweb.com\/giornale1\/wp-content\/uploads\/2019\/02\/palestra-169x300.jpg 169w, https:\/\/www.santacroceweb.com\/giornale1\/wp-content\/uploads\/2019\/02\/palestra.jpg 540w\" sizes=\"(max-width: 169px) 100vw, 169px\" \/>I venti forti e di burrasca<\/strong> da nord-ovest sono proseguiti per tutta la giornata. Fin qui hanno toccato i 70 km\/h. E\u2019 consigliato limitare gli spostamenti. Anche le borgate potrebbero essere sottoposte a mareggiate. E&#8217; stata rinviata per impraticabilit\u00e0 di campo la partita di calcio fra Atletico Santa Croce e Castel di Judica, in programma per domenica pomeriggio (ore 15) allo stadio Kennedy. Facendo seguito alla diramazione di Avviso per condizioni meteorologiche avverse da parte del Dipartimento regionale di Protezione Civile, il sindaco Giovanni Barone, autorit\u00e0 locale di Protezione Civile, ha attivato dalle ore 8:30 di stamani i presidi di Protezione Civile (Operativo e Territoriale) per il monitoraggio del territorio. La Sala Operativa Comunale di Protezione Civile seguir\u00e0 l\u2019evolversi della situazione in raccordo con i Presidi e le Strutture interessate, segnalando tempestivamente ai cittadini eventuali situazioni di criticit\u00e0 fino al superamento della fase di allerta.<\/p>\n<p><strong>Numeri di utilit\u00e0 comunali<\/strong><\/p>\n<p>POLIZIA MUNICIPALE Centralino 0932.821533<\/p>\n<p>PROTEZIONE CIVILE Sala Operativa 0932.821959<\/p>\n<p style=\"text-align: justify;\"><span style=\"color: #ff0000;\"><strong>DANNI ANCHE ALL&#8217;AGRICOLTURA<\/strong><\/span><br \/>\nNon esiste ancora una prima stima, ma numerosi impianti serricoli della fascia trasformata, da Frigintini a Vittoria, avrebbero subito gravi danni in seguito all&#8217;ondata di vento proveniente dai Balcani, che sferza ormai da ventiquattro ore la parte sud-orientale dell&#8217;Isola.<\/p>\n","protected":false},"excerpt":{"rendered":"<p>La domenica fuori porta \u00e8 andata in fumo. Il maltempo imperversa su tutta la provincia di Ragusa fin dal pomeriggio di ieri. La neve sul comune capoluogo, venuta gi\u00f9 dalle prime ore di sabato, era solo un antipasto di quello che si candida a essere il weekend peggiore di questo primo scorcio del 2019. A [&hellip;]<\/p>\n","protected":false},"author":34,"featured_media":62579,"comment_status":"open","ping_status":"open","sticky":false,"template":"","format":"video","meta":{"footnotes":""},"categories":[7,11,22],"tags":[],"class_list":["post-62556","post","type-post","status-publish","format-video","has-post-thumbnail","hentry","category-cronaca","category-primopiano","category-provincia","post_format-post-format-video"],"_links":{"self":[{"href":"https:\/\/www.santacroceweb.com\/index.php\/wp-json\/wp\/v2\/posts\/62556","targetHints":{"allow":["GET"]}}],"collection":[{"href":"https:\/\/www.santacroceweb.com\/index.php\/wp-json\/wp\/v2\/posts"}],"about":[{"href":"https:\/\/www.santacroceweb.com\/index.php\/wp-json\/wp\/v2\/types\/post"}],"author":[{"embeddable":true,"href":"https:\/\/www.santacroceweb.com\/index.php\/wp-json\/wp\/v2\/users\/34"}],"replies":[{"embeddable":true,"href":"https:\/\/www.santacroceweb.com\/index.php\/wp-json\/wp\/v2\/comments?post=62556"}],"version-history":[{"count":0,"href":"https:\/\/www.santacroceweb.com\/index.php\/wp-json\/wp\/v2\/posts\/62556\/revisions"}],"wp:featuredmedia":[{"embeddable":true,"href":"https:\/\/www.santacroceweb.com\/index.php\/wp-json\/wp\/v2\/media\/62579"}],"wp:attachment":[{"href":"https:\/\/www.santacroceweb.com\/index.php\/wp-json\/wp\/v2\/media?parent=62556"}],"wp:term":[{"taxonomy":"category","embeddable":true,"href":"https:\/\/www.santacroceweb.com\/index.php\/wp-json\/wp\/v2\/categories?post=62556"},{"taxonomy":"post_tag","embeddable":true,"href":"https:\/\/www.santacroceweb.com\/index.php\/wp-json\/wp\/v2\/tags?post=62556"}],"curies":[{"name":"wp","href":"https:\/\/api.w.org\/{rel}","templated":true}]}}