{"id":6256,"date":"2013-07-09T09:00:50","date_gmt":"2013-07-09T07:00:50","guid":{"rendered":"http:\/\/www.santacroceweb.com\/giornale1\/?p=6256"},"modified":"2013-07-09T12:10:09","modified_gmt":"2013-07-09T10:10:09","slug":"una-discarica-a-cielo-aperto-sulla-s-croce-p-secca-fare-ambiente-e-a-rischio-incendio","status":"publish","type":"post","link":"https:\/\/www.santacroceweb.com\/index.php\/2013\/07\/09\/una-discarica-a-cielo-aperto-sulla-s-croce-p-secca-fare-ambiente-e-a-rischio-incendio\/","title":{"rendered":"Una discarica a cielo aperto sulla Santa Croce-Punta Secca. Fare Ambiente: &#8220;E&#8217; a rischio incendio&#8221;"},"content":{"rendered":"<p style=\"text-align: justify;\">Su segnalazione di un cittadino, che ci ha fatto pervenire un documentario fotografico, \u00e8 stata identificata e rilevata una discarica abusiva all&#8217;interno dell&#8217;area di propriet\u00e0 comunale recintata in c.da Canestanco-c.da Pellegrino, dietro la strada provinciale Santa Croce-Punta Secca (km 2,150). Nella zona sono ammassati rifiuti ingombranti, cumuli di materiale di risulta, sterpaglie varie, materiale sabbioso. Il sito \u00e8 destinato a discarica a cielo aperto, con un grave pericolo di inquinamento dell&#8217;ambiente circostante. &#8220;E&#8217; uno scempio ambientale, in un luogo che rientra nel perimetro abitativo, dove insiste anche un&#8217; attivit\u00e0 commerciale e dove operano diverse imprese agricole &#8211; spiega Salvatore Mandar\u00e0, presidente provinciale di Fare Ambiente &#8211; Siamo preoccupati non solo per la negligenza di chi ha il dovere di evitare che proliferino discariche abusive, ma per l&#8217;eventualit\u00e0, cos\u00ec come successo diversi anni fa, che questi cumuli siano poi incendiati da ignoti, dove il risultato finale \u00e8 quello di aver immesso nell&#8217;aria fumi altamente nocivi, derivanti da quelle decine e decine di tonnellate di rifiuti non classificati. \u00c8 necessario e urgente l&#8217; intervento del sindaco, ma anche del Prefetto di Ragusa per aprire un&#8217;indagine conoscitiva, anche attraverso la polizia provinciale, competente nel merito, e se necessario il sequestro dei luoghi, che pare siano comunali. Proprio in quell&#8217;area era stato avviato un progetto per attrezzatura sportiva&#8221;. &#8220;Mentre sono tutti impegnati a discutere di pietre sulla spiaggia, di docce e passerelle, di vasi floreali e isole pedonali a Punta Secca &#8211; continua Mandar\u00e0 &#8211; a S.Croce la differenziata continua a diminuire al punto di essere arrivati al minimo storico, mentre nei cassonetti abbondano rifiuti di ogni genere e nelle periferie proliferano cumuli di rifiuti di ogni tipologia&#8221;.<\/p>\n<p style=\"text-align: right;\"><strong>Redazione<\/strong><\/p>\n<p style=\"text-align: center;\"><a href=\"https:\/\/www.santacroceweb.com\/giornale1\/wp-content\/uploads\/2013\/07\/69507_638096769536377_1695136725_n1.jpg\"><img fetchpriority=\"high\" decoding=\"async\" class=\"aligncenter size-medium wp-image-6258 lazyload\" title=\"69507_638096769536377_1695136725_n[1]\" src=\"data:image\/gif;base64,R0lGODlhAQABAAAAACH5BAEKAAEALAAAAAABAAEAAAICTAEAOw==\" data-src=\"https:\/\/www.santacroceweb.com\/giornale1\/wp-content\/uploads\/2013\/07\/69507_638096769536377_1695136725_n1-300x224.jpg\" alt=\"\" width=\"300\" height=\"224\" data-sizes=\"auto\" data-srcset=\"https:\/\/www.santacroceweb.com\/giornale1\/wp-content\/uploads\/2013\/07\/69507_638096769536377_1695136725_n1-300x224.jpg 300w, https:\/\/www.santacroceweb.com\/giornale1\/wp-content\/uploads\/2013\/07\/69507_638096769536377_1695136725_n1-768x574.jpg 768w, https:\/\/www.santacroceweb.com\/giornale1\/wp-content\/uploads\/2013\/07\/69507_638096769536377_1695136725_n1-86x64.jpg 86w, https:\/\/www.santacroceweb.com\/giornale1\/wp-content\/uploads\/2013\/07\/69507_638096769536377_1695136725_n1.jpg 960w\" sizes=\"(max-width: 300px) 100vw, 300px\" \/><\/a><\/p>\n<p style=\"text-align: center;\"><a href=\"https:\/\/www.santacroceweb.com\/giornale1\/wp-content\/uploads\/2013\/07\/1045101_638096572869730_1776682790_n1.jpg\"><img decoding=\"async\" class=\"aligncenter size-medium wp-image-6259 lazyload\" title=\"1045101_638096572869730_1776682790_n[1]\" src=\"data:image\/gif;base64,R0lGODlhAQABAAAAACH5BAEKAAEALAAAAAABAAEAAAICTAEAOw==\" data-src=\"https:\/\/www.santacroceweb.com\/giornale1\/wp-content\/uploads\/2013\/07\/1045101_638096572869730_1776682790_n1-300x224.jpg\" alt=\"\" width=\"300\" height=\"224\" data-sizes=\"auto\" data-srcset=\"https:\/\/www.santacroceweb.com\/giornale1\/wp-content\/uploads\/2013\/07\/1045101_638096572869730_1776682790_n1-300x224.jpg 300w, https:\/\/www.santacroceweb.com\/giornale1\/wp-content\/uploads\/2013\/07\/1045101_638096572869730_1776682790_n1-768x574.jpg 768w, https:\/\/www.santacroceweb.com\/giornale1\/wp-content\/uploads\/2013\/07\/1045101_638096572869730_1776682790_n1-86x64.jpg 86w, https:\/\/www.santacroceweb.com\/giornale1\/wp-content\/uploads\/2013\/07\/1045101_638096572869730_1776682790_n1.jpg 960w\" sizes=\"(max-width: 300px) 100vw, 300px\" \/><\/a><\/p>\n<p style=\"text-align: center;\"><a href=\"https:\/\/www.santacroceweb.com\/giornale1\/wp-content\/uploads\/2013\/07\/1044252_638096369536417_1035340216_n1.jpg\"><img decoding=\"async\" class=\"aligncenter size-medium wp-image-6260 lazyload\" title=\"1044252_638096369536417_1035340216_n[1]\" src=\"data:image\/gif;base64,R0lGODlhAQABAAAAACH5BAEKAAEALAAAAAABAAEAAAICTAEAOw==\" data-src=\"https:\/\/www.santacroceweb.com\/giornale1\/wp-content\/uploads\/2013\/07\/1044252_638096369536417_1035340216_n1-300x224.jpg\" alt=\"\" width=\"300\" height=\"224\" data-sizes=\"auto\" data-srcset=\"https:\/\/www.santacroceweb.com\/giornale1\/wp-content\/uploads\/2013\/07\/1044252_638096369536417_1035340216_n1-300x224.jpg 300w, https:\/\/www.santacroceweb.com\/giornale1\/wp-content\/uploads\/2013\/07\/1044252_638096369536417_1035340216_n1-768x574.jpg 768w, https:\/\/www.santacroceweb.com\/giornale1\/wp-content\/uploads\/2013\/07\/1044252_638096369536417_1035340216_n1-86x64.jpg 86w, https:\/\/www.santacroceweb.com\/giornale1\/wp-content\/uploads\/2013\/07\/1044252_638096369536417_1035340216_n1.jpg 960w\" sizes=\"(max-width: 300px) 100vw, 300px\" \/><\/a><\/p>\n<p style=\"text-align: center;\"><a href=\"https:\/\/www.santacroceweb.com\/giornale1\/wp-content\/uploads\/2013\/07\/1005177_638096132869774_1125988253_n1.jpg\"><img loading=\"lazy\" decoding=\"async\" class=\"aligncenter size-medium wp-image-6261 lazyload\" title=\"1005177_638096132869774_1125988253_n[1]\" src=\"data:image\/gif;base64,R0lGODlhAQABAAAAACH5BAEKAAEALAAAAAABAAEAAAICTAEAOw==\" data-src=\"https:\/\/www.santacroceweb.com\/giornale1\/wp-content\/uploads\/2013\/07\/1005177_638096132869774_1125988253_n1-300x224.jpg\" alt=\"\" width=\"300\" height=\"224\" data-sizes=\"auto\" data-srcset=\"https:\/\/www.santacroceweb.com\/giornale1\/wp-content\/uploads\/2013\/07\/1005177_638096132869774_1125988253_n1-300x224.jpg 300w, https:\/\/www.santacroceweb.com\/giornale1\/wp-content\/uploads\/2013\/07\/1005177_638096132869774_1125988253_n1-768x574.jpg 768w, https:\/\/www.santacroceweb.com\/giornale1\/wp-content\/uploads\/2013\/07\/1005177_638096132869774_1125988253_n1-86x64.jpg 86w, https:\/\/www.santacroceweb.com\/giornale1\/wp-content\/uploads\/2013\/07\/1005177_638096132869774_1125988253_n1.jpg 960w\" sizes=\"(max-width: 300px) 100vw, 300px\" \/><\/a><\/p>\n","protected":false},"excerpt":{"rendered":"<p>Su segnalazione di un cittadino, che ci ha fatto pervenire un documentario fotografico, \u00e8 stata identificata e rilevata una discarica abusiva all&#8217;interno dell&#8217;area di propriet\u00e0 comunale recintata in c.da Canestanco-c.da Pellegrino, dietro la strada provinciale Santa Croce-Punta Secca (km 2,150). Nella zona sono ammassati rifiuti ingombranti, cumuli di materiale di risulta, sterpaglie varie, materiale sabbioso. [&hellip;]<\/p>\n","protected":false},"author":34,"featured_media":6257,"comment_status":"open","ping_status":"open","sticky":false,"template":"","format":"standard","meta":{"footnotes":""},"categories":[8,1,11],"tags":[],"class_list":["post-6256","post","type-post","status-publish","format-standard","has-post-thumbnail","hentry","category-attualita","category-news","category-primopiano"],"_links":{"self":[{"href":"https:\/\/www.santacroceweb.com\/index.php\/wp-json\/wp\/v2\/posts\/6256","targetHints":{"allow":["GET"]}}],"collection":[{"href":"https:\/\/www.santacroceweb.com\/index.php\/wp-json\/wp\/v2\/posts"}],"about":[{"href":"https:\/\/www.santacroceweb.com\/index.php\/wp-json\/wp\/v2\/types\/post"}],"author":[{"embeddable":true,"href":"https:\/\/www.santacroceweb.com\/index.php\/wp-json\/wp\/v2\/users\/34"}],"replies":[{"embeddable":true,"href":"https:\/\/www.santacroceweb.com\/index.php\/wp-json\/wp\/v2\/comments?post=6256"}],"version-history":[{"count":0,"href":"https:\/\/www.santacroceweb.com\/index.php\/wp-json\/wp\/v2\/posts\/6256\/revisions"}],"wp:featuredmedia":[{"embeddable":true,"href":"https:\/\/www.santacroceweb.com\/index.php\/wp-json\/wp\/v2\/media\/6257"}],"wp:attachment":[{"href":"https:\/\/www.santacroceweb.com\/index.php\/wp-json\/wp\/v2\/media?parent=6256"}],"wp:term":[{"taxonomy":"category","embeddable":true,"href":"https:\/\/www.santacroceweb.com\/index.php\/wp-json\/wp\/v2\/categories?post=6256"},{"taxonomy":"post_tag","embeddable":true,"href":"https:\/\/www.santacroceweb.com\/index.php\/wp-json\/wp\/v2\/tags?post=6256"}],"curies":[{"name":"wp","href":"https:\/\/api.w.org\/{rel}","templated":true}]}}