{"id":629,"date":"2013-01-04T21:40:03","date_gmt":"2013-01-04T20:40:03","guid":{"rendered":"http:\/\/www.santacroceweb.com\/giornale1\/?p=629"},"modified":"2013-01-05T08:35:10","modified_gmt":"2013-01-05T07:35:10","slug":"punta-braccetto-colpi-di-pistola-contro-un-lavoratore-tunisino-la-piaga-sicurezza-torna-a-far-paura","status":"publish","type":"post","link":"https:\/\/www.santacroceweb.com\/index.php\/2013\/01\/04\/punta-braccetto-colpi-di-pistola-contro-un-lavoratore-tunisino-la-piaga-sicurezza-torna-a-far-paura\/","title":{"rendered":"Punta Braccetto, colpi di pistola contro un lavoratore tunisino: la piaga sicurezza torna a far paura"},"content":{"rendered":"<p style=\"text-align: justify;\">Un tunisino di 30 anni \u00e8 stato colpito alle gambe da un proiettile mentre lavorava presso una tenuta di Punta Braccetto. E&#8217; successo nel pomeriggio di gioved\u00ec. L&#8217;uomo \u00e8 stato trasportato presso l&#8217;ospedale Guzzardi di Vittoria, dove \u00e8 stato dimesso poche ore dopo. I Carabinieri stanno indagando sulla vicenda: dalle prime ricostruzioni sembra che i colpi siano stati sparati da un&#8217;auto in corsa, che stava attraversando la provinciale adiacente al terreno. Le forze dell&#8217;ordine, subito dopo l&#8217;accaduto, hanno istruito dei posti di blocco che per\u00f2 non hanno sortito alcun effetto. Gli attentatori avrebbero lanciato solo un avvertimento nei confronti dell&#8217;uomo, gi\u00e0 conosciuto dai Carabinieri per piccoli episodi legati allo spaccio. L&#8217;allarme sicurezza &#8211; dopo la rapina alle Poste &#8211; risuona forte e il sindaco Iurato ha voluto sottolineare \u201cl\u2019impegno delle Forze dell\u2019ordine. I controlli effettuati sul territorio \u2013 continua il primo cittadino &#8211; hanno dato positivi frutti\u201d.<\/p>\n<p style=\"text-align: right;\"><strong>\u00a0Redazione<\/strong><\/p>\n","protected":false},"excerpt":{"rendered":"<p>Un tunisino di 30 anni \u00e8 stato colpito alle gambe da un proiettile mentre lavorava presso una tenuta di Punta Braccetto. E&#8217; successo nel pomeriggio di gioved\u00ec. L&#8217;uomo \u00e8 stato trasportato presso l&#8217;ospedale Guzzardi di Vittoria, dove \u00e8 stato dimesso poche ore dopo. I Carabinieri stanno indagando sulla vicenda: dalle prime ricostruzioni sembra che i [&hellip;]<\/p>\n","protected":false},"author":34,"featured_media":650,"comment_status":"open","ping_status":"open","sticky":false,"template":"","format":"standard","meta":{"footnotes":""},"categories":[7,11],"tags":[],"class_list":["post-629","post","type-post","status-publish","format-standard","has-post-thumbnail","hentry","category-cronaca","category-primopiano"],"_links":{"self":[{"href":"https:\/\/www.santacroceweb.com\/index.php\/wp-json\/wp\/v2\/posts\/629","targetHints":{"allow":["GET"]}}],"collection":[{"href":"https:\/\/www.santacroceweb.com\/index.php\/wp-json\/wp\/v2\/posts"}],"about":[{"href":"https:\/\/www.santacroceweb.com\/index.php\/wp-json\/wp\/v2\/types\/post"}],"author":[{"embeddable":true,"href":"https:\/\/www.santacroceweb.com\/index.php\/wp-json\/wp\/v2\/users\/34"}],"replies":[{"embeddable":true,"href":"https:\/\/www.santacroceweb.com\/index.php\/wp-json\/wp\/v2\/comments?post=629"}],"version-history":[{"count":0,"href":"https:\/\/www.santacroceweb.com\/index.php\/wp-json\/wp\/v2\/posts\/629\/revisions"}],"wp:featuredmedia":[{"embeddable":true,"href":"https:\/\/www.santacroceweb.com\/index.php\/wp-json\/wp\/v2\/media\/650"}],"wp:attachment":[{"href":"https:\/\/www.santacroceweb.com\/index.php\/wp-json\/wp\/v2\/media?parent=629"}],"wp:term":[{"taxonomy":"category","embeddable":true,"href":"https:\/\/www.santacroceweb.com\/index.php\/wp-json\/wp\/v2\/categories?post=629"},{"taxonomy":"post_tag","embeddable":true,"href":"https:\/\/www.santacroceweb.com\/index.php\/wp-json\/wp\/v2\/tags?post=629"}],"curies":[{"name":"wp","href":"https:\/\/api.w.org\/{rel}","templated":true}]}}