{"id":62930,"date":"2019-03-12T08:07:40","date_gmt":"2019-03-12T07:07:40","guid":{"rendered":"http:\/\/www.santacroceweb.com\/giornale1\/?p=62930"},"modified":"2019-03-12T09:05:51","modified_gmt":"2019-03-12T08:05:51","slug":"il-volontariato-di-oggi-al-centro-di-un-incontro-col-parroco-in-chiesa-madre","status":"publish","type":"post","link":"https:\/\/www.santacroceweb.com\/index.php\/2019\/03\/12\/il-volontariato-di-oggi-al-centro-di-un-incontro-col-parroco-in-chiesa-madre\/","title":{"rendered":"Il volontariato di oggi al centro di un incontro col parroco Puglisi"},"content":{"rendered":"<p style=\"text-align: justify;\"><strong>Esiste oggi un volontariato<\/strong>\u00a0capace di sostenere i bisogni altrui? Un volontariato che possa aiutare il paese a garantire il diritto alla vita? L\u2019interrogativo posto dal parroco don Salvatore Puglisi alla conferenza organizzata dalle associazioni di volontariato di Santa Croce Camerina, proprio nella giornata della festa della donna, \u201cha aperto un solco sulla concezione moderna del dono e della relazione gratuita \u2013 continua don Puglisi \u2013. E\u2019 una forma di testimonianza cristiana, un\u2019esperienza umana e sociale riconosciuta e che impegna persone e associazioni di diversa cultura e ispirazione, dove la comunit\u00e0 santacrocese non pu\u00f2 che stringersi attorno\u201d.<\/p>\n<p style=\"text-align: justify;\"><strong>L\u2019impegno della CARITAS<\/strong> per la pace, l\u2019inclusione sociale, l\u2019attenzione alle nuove povert\u00e0, alla disoccupazione giovanile, a quella del servizio civile nazionale, dal recupero dei tossicodipendenti ed alle devianze giovanili, \u00e8 sempre nel segno del coinvolgimento e della sensibilizzazione della comunit\u00e0 ecclesiale, civile e associativa del territorio. La presenza delle associazioni di volontariato quali AVS, ANPAS, AVIS, Oltre l\u2019Ostacolo, AIRC, Unitalsi, la societ\u00e0 di San Vincenzo De Paoli, l\u2019Associazione Sorriso e il gruppo Agesci del territorio con le autorevoli presenze di Domenico Leggio direttore della Caritas Diocesana e Vincenzo La Monica, responsabile dell\u2019osservatorio diocesano, hanno messo in luce l\u2019espressione di un territorio che invecchia, dove si nasce sempre meno, oltre ad essere un terra di immigrazione e di emigrazione. Ma \u00e8 anche un territorio con sofferenze nelle relazioni familiari oltre alla crisi di lavoro, la nuova povert\u00e0, processi che occorre contrastare e dove \u00e8 necessario attivare delle misure specifiche, elaborando sino in fondo lo stato di salute della citt\u00e0 in cui si risiede. L\u2019intervento dell\u2019assessore al volontariato Giulia Santodonato ha evidenziato l\u2019esigenza dell\u2019ente comune di cooperare nel supremo interesse del cittadino, mentre per Salvatore Mandar\u00e0 presidente dell\u2019Avis Regionale Sicilia il volontariato \u00e8 una scuola di solidariet\u00e0 che opera per la crescita della comunit\u00e0 locale e deve rimanere un\u2019attivit\u00e0 di aiuto gratuito e spontaneo verso persone in condizioni di indigenza o che necessitano di assistenza nel rispetto della dignit\u00e0 di ogni individuo.<\/p>\n","protected":false},"excerpt":{"rendered":"<p>Esiste oggi un volontariato\u00a0capace di sostenere i bisogni altrui? Un volontariato che possa aiutare il paese a garantire il diritto alla vita? L\u2019interrogativo posto dal parroco don Salvatore Puglisi alla conferenza organizzata dalle associazioni di volontariato di Santa Croce Camerina, proprio nella giornata della festa della donna, \u201cha aperto un solco sulla concezione moderna del [&hellip;]<\/p>\n","protected":false},"author":34,"featured_media":62842,"comment_status":"open","ping_status":"open","sticky":false,"template":"","format":"standard","meta":{"footnotes":""},"categories":[8],"tags":[],"class_list":["post-62930","post","type-post","status-publish","format-standard","has-post-thumbnail","hentry","category-attualita"],"_links":{"self":[{"href":"https:\/\/www.santacroceweb.com\/index.php\/wp-json\/wp\/v2\/posts\/62930","targetHints":{"allow":["GET"]}}],"collection":[{"href":"https:\/\/www.santacroceweb.com\/index.php\/wp-json\/wp\/v2\/posts"}],"about":[{"href":"https:\/\/www.santacroceweb.com\/index.php\/wp-json\/wp\/v2\/types\/post"}],"author":[{"embeddable":true,"href":"https:\/\/www.santacroceweb.com\/index.php\/wp-json\/wp\/v2\/users\/34"}],"replies":[{"embeddable":true,"href":"https:\/\/www.santacroceweb.com\/index.php\/wp-json\/wp\/v2\/comments?post=62930"}],"version-history":[{"count":0,"href":"https:\/\/www.santacroceweb.com\/index.php\/wp-json\/wp\/v2\/posts\/62930\/revisions"}],"wp:featuredmedia":[{"embeddable":true,"href":"https:\/\/www.santacroceweb.com\/index.php\/wp-json\/wp\/v2\/media\/62842"}],"wp:attachment":[{"href":"https:\/\/www.santacroceweb.com\/index.php\/wp-json\/wp\/v2\/media?parent=62930"}],"wp:term":[{"taxonomy":"category","embeddable":true,"href":"https:\/\/www.santacroceweb.com\/index.php\/wp-json\/wp\/v2\/categories?post=62930"},{"taxonomy":"post_tag","embeddable":true,"href":"https:\/\/www.santacroceweb.com\/index.php\/wp-json\/wp\/v2\/tags?post=62930"}],"curies":[{"name":"wp","href":"https:\/\/api.w.org\/{rel}","templated":true}]}}