{"id":63434,"date":"2019-04-11T12:31:42","date_gmt":"2019-04-11T10:31:42","guid":{"rendered":"http:\/\/www.santacroceweb.com\/giornale1\/?p=63434"},"modified":"2019-04-11T12:31:42","modified_gmt":"2019-04-11T10:31:42","slug":"ragusa-lasp-centro-hub-nella-rete-oncologica-senologica-siciliana","status":"publish","type":"post","link":"https:\/\/www.santacroceweb.com\/index.php\/2019\/04\/11\/ragusa-lasp-centro-hub-nella-rete-oncologica-senologica-siciliana\/","title":{"rendered":"<font color=red>Ragusa &#8211;<\/font> L&#8217;Asp centro hub nella rete oncologica senologica siciliana"},"content":{"rendered":"<p style=\"text-align: justify;\"><strong>Al via il progetto che vede l&#8217;Azienda Sanitaria<\/strong> di Ragusa impegnata come centro HUB nelle Rete oncologica senologica regionale per garantire un&#8217;offerta diagnostico-terapeutica in ambito di carcinoma della mammella. Al Giovanni Paolo II, oggi, un momento importante, un primo incontro per individuare gli spazi, le apparecchiature e tutto ci\u00f2 che servir\u00e0 implementare per garantire un percorso e una cura adeguata. Presente la dott.ssa Francesca Catalano, direttore dell&#8217;U.O.C. Multidisciplinare di senologia del Cannizzaro di Catania. La dottoressa Catalano, conduce, dal giugno 2018, data di istituzione, la Commissione regionale di Senologia, voluta dall&#8217;Assessore alla Salute, avv. Ruggero Razza. Della suddetta commissione fa parte anche il dottore Giuseppe La Perna, dirigente medico radiologo dell&#8217;Asp di Ragusa. Presenti all&#8217;incontro il commissario straordinario, arch. Angelo Aliqu\u00f2, il direttore del P.O., dott. Pasquale Granata, il direttore dell&#8217;U.O.C. di Chirurgia, dott. Gianluca Di Mauro, il dott. Marco Ambrogio, dirigente UOC Chirurgia.<\/p>\n<p style=\"text-align: justify;\"><strong>Il progetto ha lo scopo di curare<\/strong> le donne affette dalla malattia nel proprio territorio, garantendo un PDTA \u2013 percorso diagnostico-terapeutico assistenziale \u2013 al pari di altre regioni del territorio italiano e contestualmente, quindi, ridurre la mobilit\u00e0 passiva per una patologia che pu\u00f2 essere trattata con le migliori cure nella Regione siciliana. Il PDTA Sicilia \u00e8 il frutto del lavoro della Commissione regionale di Senologia. Il Centro HUB di eccellenza della rete senologica di Ragusa operer\u00e0 nell&#8217;ambito della chirurgia generale del presidio ospedaliero del Giovanni Paolo II. \u00abIn Sicilia venivano seguiti percorsi differenti \u2013 ha sottolineato Francesca Catalano &#8211; questo non rassicurava le pazienti e, spesso, decidevano di andare a curarsi in altre Regioni del nostro Paese. Da oggi potranno curarsi nella propria citt\u00e0, sicure di trovare l&#8217;eccellenza. La paziente ricever\u00e0 a Ragusa le stesse cure che riceverebbe in un&#8217;altra regione\u00bb.<\/p>\n<p style=\"text-align: justify;\"><strong>Obiettivi del progetto sono finalizzati<\/strong> a migliorare i servizi per le donne affette da carcinoma mammario, nell&#8217;intento di ridurre la migrazione sanitaria attraverso la collaborazione con gli altri HUB e SPOKE, indentificati dalle Rete Oncologica senologica della Regione Siciliana. Servir\u00e0 a migliorare il rapporto tra il primo livello, screening, e terapia dei casi dubbi\/positivi per Camammella e a potenziare la comunicazione con i Medici di Medicina Generale. Componente essenziale del progetto per il percorso di cura \u00e8 la riabilitazione oncologica della paziente gi\u00e0 al momento della diagnosi nella fase precoce che va estesa anche durante il follow-up, fase tardiva. Quest&#8217;ultima va condivisa, in uno stretto rapporto, con il medico di famiglia, gli ambulatori territoriali e le Associazioni di Volontariato, creando una rete del Territorio.<br \/>\n<span style=\"color: #ff0000;\"><strong><em>Foto: da sinistra M. Ambrogio, P. La Perna, A. Aliqu\u00f2, F. Catalano, F. Floridia e P. Granata.<\/em><\/strong><\/span><\/p>\n","protected":false},"excerpt":{"rendered":"<p>Al via il progetto che vede l&#8217;Azienda Sanitaria di Ragusa impegnata come centro HUB nelle Rete oncologica senologica regionale per garantire un&#8217;offerta diagnostico-terapeutica in ambito di carcinoma della mammella. Al Giovanni Paolo II, oggi, un momento importante, un primo incontro per individuare gli spazi, le apparecchiature e tutto ci\u00f2 che servir\u00e0 implementare per garantire un [&hellip;]<\/p>\n","protected":false},"author":34,"featured_media":63435,"comment_status":"open","ping_status":"open","sticky":false,"template":"","format":"standard","meta":{"footnotes":""},"categories":[12],"tags":[],"class_list":["post-63434","post","type-post","status-publish","format-standard","has-post-thumbnail","hentry","category-breaking"],"_links":{"self":[{"href":"https:\/\/www.santacroceweb.com\/index.php\/wp-json\/wp\/v2\/posts\/63434","targetHints":{"allow":["GET"]}}],"collection":[{"href":"https:\/\/www.santacroceweb.com\/index.php\/wp-json\/wp\/v2\/posts"}],"about":[{"href":"https:\/\/www.santacroceweb.com\/index.php\/wp-json\/wp\/v2\/types\/post"}],"author":[{"embeddable":true,"href":"https:\/\/www.santacroceweb.com\/index.php\/wp-json\/wp\/v2\/users\/34"}],"replies":[{"embeddable":true,"href":"https:\/\/www.santacroceweb.com\/index.php\/wp-json\/wp\/v2\/comments?post=63434"}],"version-history":[{"count":0,"href":"https:\/\/www.santacroceweb.com\/index.php\/wp-json\/wp\/v2\/posts\/63434\/revisions"}],"wp:featuredmedia":[{"embeddable":true,"href":"https:\/\/www.santacroceweb.com\/index.php\/wp-json\/wp\/v2\/media\/63435"}],"wp:attachment":[{"href":"https:\/\/www.santacroceweb.com\/index.php\/wp-json\/wp\/v2\/media?parent=63434"}],"wp:term":[{"taxonomy":"category","embeddable":true,"href":"https:\/\/www.santacroceweb.com\/index.php\/wp-json\/wp\/v2\/categories?post=63434"},{"taxonomy":"post_tag","embeddable":true,"href":"https:\/\/www.santacroceweb.com\/index.php\/wp-json\/wp\/v2\/tags?post=63434"}],"curies":[{"name":"wp","href":"https:\/\/api.w.org\/{rel}","templated":true}]}}