{"id":63875,"date":"2019-05-11T17:11:05","date_gmt":"2019-05-11T15:11:05","guid":{"rendered":"http:\/\/www.santacroceweb.com\/giornale1\/?p=63875"},"modified":"2019-05-11T17:11:05","modified_gmt":"2019-05-11T15:11:05","slug":"anziana-derubata-di-una-collana-denunciata-la-badante-infedele","status":"publish","type":"post","link":"https:\/\/www.santacroceweb.com\/index.php\/2019\/05\/11\/anziana-derubata-di-una-collana-denunciata-la-badante-infedele\/","title":{"rendered":"Anziana derubata di una collana: denunciata la badante &#8220;infedele&#8221;"},"content":{"rendered":"<p style=\"text-align: justify;\"><strong>Mai si sarebbe aspettata di essere tradita<\/strong> nella propria fiducia la signora di 83 anni, affetta da demenza senile, che da pochi giorni era in compagnia di una badante che si sarebbe dovuta prendere cura di lei. Qualche giorno fa una delle figlie della signora durante una visita alla madre si \u00e8 accorta che la donna non indossava pi\u00f9 la collanina in oro con un ciondolo che portava da anni. La madre, purtroppo a causa della malattia, non era riuscita a dare delle spiegazioni alla figlia su dove fosse la collana e la stessa, dopo aver cercato la collana per tutta la casa, si \u00e8 insospettita ed ha sporto denuncia presso la Stazione di Ragusa Principale.<\/p>\n<p style=\"text-align: justify;\"><strong>I Carabinieri hanno subito iniziato le indagini<\/strong> e, dopo i controlli a vari \u201ccompro oro\u201d hanno ritrovato la collana presso un compro oro del centro, dove la badante, una 39enne ragusana, l\u2019aveva venduta per 120 euro. La collana \u00e8 stata recuperata e restituita alla signora anziana e la badante, sinora incensurata, \u00e8 stata denunciata per furto. Nessuna colpa \u00e8 attribuibile al titolare del compro oro che non poteva immaginare che la collana fosse oggetto di furto e che ha registrato la vendita ed il pagamento in maniera del tutto regolare.<\/p>\n","protected":false},"excerpt":{"rendered":"<p>Mai si sarebbe aspettata di essere tradita nella propria fiducia la signora di 83 anni, affetta da demenza senile, che da pochi giorni era in compagnia di una badante che si sarebbe dovuta prendere cura di lei. Qualche giorno fa una delle figlie della signora durante una visita alla madre si \u00e8 accorta che la [&hellip;]<\/p>\n","protected":false},"author":34,"featured_media":63876,"comment_status":"open","ping_status":"open","sticky":false,"template":"","format":"standard","meta":{"footnotes":""},"categories":[7,22],"tags":[],"class_list":["post-63875","post","type-post","status-publish","format-standard","has-post-thumbnail","hentry","category-cronaca","category-provincia"],"_links":{"self":[{"href":"https:\/\/www.santacroceweb.com\/index.php\/wp-json\/wp\/v2\/posts\/63875","targetHints":{"allow":["GET"]}}],"collection":[{"href":"https:\/\/www.santacroceweb.com\/index.php\/wp-json\/wp\/v2\/posts"}],"about":[{"href":"https:\/\/www.santacroceweb.com\/index.php\/wp-json\/wp\/v2\/types\/post"}],"author":[{"embeddable":true,"href":"https:\/\/www.santacroceweb.com\/index.php\/wp-json\/wp\/v2\/users\/34"}],"replies":[{"embeddable":true,"href":"https:\/\/www.santacroceweb.com\/index.php\/wp-json\/wp\/v2\/comments?post=63875"}],"version-history":[{"count":0,"href":"https:\/\/www.santacroceweb.com\/index.php\/wp-json\/wp\/v2\/posts\/63875\/revisions"}],"wp:featuredmedia":[{"embeddable":true,"href":"https:\/\/www.santacroceweb.com\/index.php\/wp-json\/wp\/v2\/media\/63876"}],"wp:attachment":[{"href":"https:\/\/www.santacroceweb.com\/index.php\/wp-json\/wp\/v2\/media?parent=63875"}],"wp:term":[{"taxonomy":"category","embeddable":true,"href":"https:\/\/www.santacroceweb.com\/index.php\/wp-json\/wp\/v2\/categories?post=63875"},{"taxonomy":"post_tag","embeddable":true,"href":"https:\/\/www.santacroceweb.com\/index.php\/wp-json\/wp\/v2\/tags?post=63875"}],"curies":[{"name":"wp","href":"https:\/\/api.w.org\/{rel}","templated":true}]}}