{"id":64516,"date":"2019-06-14T18:19:41","date_gmt":"2019-06-14T16:19:41","guid":{"rendered":"http:\/\/www.santacroceweb.com\/giornale1\/?p=64516"},"modified":"2019-06-17T17:09:00","modified_gmt":"2019-06-17T15:09:00","slug":"asp-7-aliquo-nomina-elia-e-fresta-direttori-sanitario-e-amministrativo","status":"publish","type":"post","link":"https:\/\/www.santacroceweb.com\/index.php\/2019\/06\/14\/asp-7-aliquo-nomina-elia-e-fresta-direttori-sanitario-e-amministrativo\/","title":{"rendered":"Asp 7, Aliqu\u00f2 nomina Elia e Fresta direttori sanitario e amministrativo"},"content":{"rendered":"<p style=\"text-align: justify;\">Una conferenza stampa molto affollata quella della presentazione dei due nuovi direttori Amministrativo e Sanitario che si \u00e8 svolta, questa mattina, nella sede della direzione generale all\u2019Asp di Ragusa. Il Direttore Generale ha voluto che alla conferenza stampa partecipassero le OO.SS. della Dirigenza e del Comparto, in rappresentanza di tutti i lavoratori dell\u2019Azienda. Infatti, ha colto l\u2019occasione per ringraziarle per la collaborazione che in questi mesi, cos\u00ec impegnativi, hanno garantito alla Direzione Generale, permettendo la realizzazione di atti concreti per i lavoratori. \u00abCon la nomina dei due direttori Amministrativo e Sanitario, mettiamo fine al circuito delle scommesse sulle nomine che ha caratterizzato questi ultimi periodi. Ho scelto due persone sagge e preparate. Adesso abbiamo il tempo per lavorare in sinergia portando avanti una politica rivolta a migliorare la qualit\u00e0 dei servizi e a dare risposte ai bisogni della gente. Conosco entrambi per esperienze pregresse questo mi avvantaggia nell\u2019avvio di questa nuova avventura professionale.\u00bb cos\u00ec Aliqu\u00f2 ha presentato i due direttori.<\/p>\n<p style=\"text-align: justify;\">Il direttore amministrativo, dott. Rosario Fresta ha voluto sottolineare \u00abSono davvero felice per la nomina in questa Azienda e in questo territorio cos\u00ec bello come Ragusa. Il dott. Aliqu\u00f2, che conosco da tempo, \u00e8 un grande direttore. Nel contempo mi fa piacere ricontrare il dr. Elia, che ho conosciuto nella mia esperienza di direttore amministrativo a Caltanissetta. Amo lavorare in gruppo e credo che questo faccia la differenza. In squadra si riesce a fare molto di pi\u00f9. Abbiamo un unico \u201cpadrone\u201d l\u2019Utenza\u00bb ha rimarcato il dott. Fresta. Il direttore sanitario, dr. Raffaele Elia, torna a casa dopo anni fuori dalla sua provincia. \u00absono davvero felice di tornare nel mio territorio. Metto a disposizione di tutti il mio know-how e, poich\u00e9, mi piace usare le metafore dico che siamo entrati in un aereo che ci porter\u00e0 a destinazione. La cabina di regia \u00e8 formata dal pilota, il direttore generale, io e il direttore Amministrativo siamo i copiloti. Ci potranno essere delle turbolenze, ma non ci devono spaventare. Andremo avanti per raggiungere i nostri obiettivi che sono quelli di garantire assistenza sanitaria di qualit\u00e0. Si allegano le schede sintesi del Direttore Amministrativo e del Direttore Sanitario.<\/p>\n","protected":false},"excerpt":{"rendered":"<p>Una conferenza stampa molto affollata quella della presentazione dei due nuovi direttori Amministrativo e Sanitario che si \u00e8 svolta, questa mattina, nella sede della direzione generale all\u2019Asp di Ragusa. Il Direttore Generale ha voluto che alla conferenza stampa partecipassero le OO.SS. della Dirigenza e del Comparto, in rappresentanza di tutti i lavoratori dell\u2019Azienda. Infatti, ha [&hellip;]<\/p>\n","protected":false},"author":34,"featured_media":64571,"comment_status":"open","ping_status":"open","sticky":false,"template":"","format":"standard","meta":{"footnotes":""},"categories":[8],"tags":[],"class_list":["post-64516","post","type-post","status-publish","format-standard","has-post-thumbnail","hentry","category-attualita"],"_links":{"self":[{"href":"https:\/\/www.santacroceweb.com\/index.php\/wp-json\/wp\/v2\/posts\/64516","targetHints":{"allow":["GET"]}}],"collection":[{"href":"https:\/\/www.santacroceweb.com\/index.php\/wp-json\/wp\/v2\/posts"}],"about":[{"href":"https:\/\/www.santacroceweb.com\/index.php\/wp-json\/wp\/v2\/types\/post"}],"author":[{"embeddable":true,"href":"https:\/\/www.santacroceweb.com\/index.php\/wp-json\/wp\/v2\/users\/34"}],"replies":[{"embeddable":true,"href":"https:\/\/www.santacroceweb.com\/index.php\/wp-json\/wp\/v2\/comments?post=64516"}],"version-history":[{"count":0,"href":"https:\/\/www.santacroceweb.com\/index.php\/wp-json\/wp\/v2\/posts\/64516\/revisions"}],"wp:featuredmedia":[{"embeddable":true,"href":"https:\/\/www.santacroceweb.com\/index.php\/wp-json\/wp\/v2\/media\/64571"}],"wp:attachment":[{"href":"https:\/\/www.santacroceweb.com\/index.php\/wp-json\/wp\/v2\/media?parent=64516"}],"wp:term":[{"taxonomy":"category","embeddable":true,"href":"https:\/\/www.santacroceweb.com\/index.php\/wp-json\/wp\/v2\/categories?post=64516"},{"taxonomy":"post_tag","embeddable":true,"href":"https:\/\/www.santacroceweb.com\/index.php\/wp-json\/wp\/v2\/tags?post=64516"}],"curies":[{"name":"wp","href":"https:\/\/api.w.org\/{rel}","templated":true}]}}