{"id":64575,"date":"2019-06-18T09:15:47","date_gmt":"2019-06-18T07:15:47","guid":{"rendered":"http:\/\/www.santacroceweb.com\/giornale1\/?p=64575"},"modified":"2019-06-18T09:15:47","modified_gmt":"2019-06-18T07:15:47","slug":"il-piccolo-loris-e-il-compleanno-negato-oggi-sarebbero-stati-13-anni","status":"publish","type":"post","link":"https:\/\/www.santacroceweb.com\/index.php\/2019\/06\/18\/il-piccolo-loris-e-il-compleanno-negato-oggi-sarebbero-stati-13-anni\/","title":{"rendered":"Il piccolo Loris e il compleanno negato: oggi sarebbero stati 13 anni"},"content":{"rendered":"<p style=\"text-align: justify;\"><strong>&#8220;Ciao, oggi sarebbe stato il tuo<\/strong> tredicesimo compleanno e oggi tu sei un vivo ricordo tra tantissimi, il sogno infranto di un futuro che avrebbe dovuto esserci ed invece non c&#8217;\u00e8 pi\u00f9&#8221;. Cos\u00ec Davide Stival in una &#8216;lettera&#8217; al figlio Loris morto cinque anni fa ucciso dalla madre Veronica Panarello, nella loro casa di Santa Croce Camerina, nel Ragusano, e condannata a 30 di reclusione in due gradi di giudizio per omicidio e occultamento di cadavere.<\/p>\n<p style=\"text-align: justify;\"><strong>&#8220;Sono trascorsi quasi cinque anni &#8211;<\/strong> aggiunge il padre del piccolo -, cinque lunghi anni senza vederti pi\u00f9 crescere e diventare grande. Vorrei vederti scartare i regali insieme a tutti i tuoi compagni. Anche loro oggi avranno un pensiero speciale per te. Ma io voglio immaginarti sorridente e felice in questo tuo giorno di festa, mentre spegni le tue candeline da lass\u00f9 insieme a tutti gli altri angioletti come te. Io &#8211; continua Davide Stival &#8211; aspetter\u00f2 qua gi\u00f9, insieme al tuo fratellino, il vento delicato del tuo soffio. Ci manchi tanto e ti pensiamo sempre. Per noi non sei andato via realmente perch\u00e9 sentiamo il caldo abbraccio del tuo sorriso. Sei tu ad indicarci la strada dall&#8217;alto, aiutandoci ad affrontare la vita al meglio&#8221;. &#8220;Mi aggrappo all&#8217;idea &#8211; conclude il padre di Loris &#8211; che un giorno ti rivedr\u00f2 e solo questa forza riesce a farmi vivere come se non fossi mai andato via. Sei il pi\u00f9 colorato e bello arcobaleno che vive in noi! Buon compleanno da pap\u00e0 e dal tuo adorato fratellino&#8221;. (Ansa)<\/p>\n","protected":false},"excerpt":{"rendered":"<p>&#8220;Ciao, oggi sarebbe stato il tuo tredicesimo compleanno e oggi tu sei un vivo ricordo tra tantissimi, il sogno infranto di un futuro che avrebbe dovuto esserci ed invece non c&#8217;\u00e8 pi\u00f9&#8221;. Cos\u00ec Davide Stival in una &#8216;lettera&#8217; al figlio Loris morto cinque anni fa ucciso dalla madre Veronica Panarello, nella loro casa di Santa [&hellip;]<\/p>\n","protected":false},"author":34,"featured_media":23534,"comment_status":"open","ping_status":"open","sticky":false,"template":"","format":"standard","meta":{"footnotes":""},"categories":[8],"tags":[],"class_list":["post-64575","post","type-post","status-publish","format-standard","has-post-thumbnail","hentry","category-attualita"],"_links":{"self":[{"href":"https:\/\/www.santacroceweb.com\/index.php\/wp-json\/wp\/v2\/posts\/64575","targetHints":{"allow":["GET"]}}],"collection":[{"href":"https:\/\/www.santacroceweb.com\/index.php\/wp-json\/wp\/v2\/posts"}],"about":[{"href":"https:\/\/www.santacroceweb.com\/index.php\/wp-json\/wp\/v2\/types\/post"}],"author":[{"embeddable":true,"href":"https:\/\/www.santacroceweb.com\/index.php\/wp-json\/wp\/v2\/users\/34"}],"replies":[{"embeddable":true,"href":"https:\/\/www.santacroceweb.com\/index.php\/wp-json\/wp\/v2\/comments?post=64575"}],"version-history":[{"count":0,"href":"https:\/\/www.santacroceweb.com\/index.php\/wp-json\/wp\/v2\/posts\/64575\/revisions"}],"wp:featuredmedia":[{"embeddable":true,"href":"https:\/\/www.santacroceweb.com\/index.php\/wp-json\/wp\/v2\/media\/23534"}],"wp:attachment":[{"href":"https:\/\/www.santacroceweb.com\/index.php\/wp-json\/wp\/v2\/media?parent=64575"}],"wp:term":[{"taxonomy":"category","embeddable":true,"href":"https:\/\/www.santacroceweb.com\/index.php\/wp-json\/wp\/v2\/categories?post=64575"},{"taxonomy":"post_tag","embeddable":true,"href":"https:\/\/www.santacroceweb.com\/index.php\/wp-json\/wp\/v2\/tags?post=64575"}],"curies":[{"name":"wp","href":"https:\/\/api.w.org\/{rel}","templated":true}]}}