{"id":64967,"date":"2019-07-05T10:45:05","date_gmt":"2019-07-05T08:45:05","guid":{"rendered":"http:\/\/www.santacroceweb.com\/giornale1\/?p=64967"},"modified":"2019-07-05T10:45:05","modified_gmt":"2019-07-05T08:45:05","slug":"per-latletico-e-un-nuovo-inizio-siamo-in-prima-e-vogliamo-rimanerci","status":"publish","type":"post","link":"https:\/\/www.santacroceweb.com\/index.php\/2019\/07\/05\/per-latletico-e-un-nuovo-inizio-siamo-in-prima-e-vogliamo-rimanerci\/","title":{"rendered":"Per l&#8217;Atletico \u00e8 un nuovo inizio: &#8220;Siamo in Prima e vogliamo rimanerci&#8221;"},"content":{"rendered":"<p style=\"text-align: justify;\"><strong>La Prima Categoria \u00e8 stato il primo obiettivo<\/strong> sin dalla nascita dell&#8217;Atletico Santa Croce: approdare nel calcio che conta, dove \u00e8 necessario mettere in luce quell&#8217;agonismo necessario per onorare la maglia che si indossa. &#8220;Il quarto livello dilettantistico e settimo complessivo del campionato italiano di calcio \u00e8 necessario affrontarlo con molta determinazione e tanto entusiasmo&#8221; dice mister Gianluca Licitra. La squadra e i dirigenti si sono ritrovati due sere fa allo stadio Kennedy per salutare la nuova gestione e dare il via alle danze. &#8220;Si riparte dalla vecchia guardia &#8211; dice Enrico Busacca &#8211; e aggiungeremo quei punti di forza per renderla ancor pi\u00f9 competitiva&#8221;. Presenti anche Enrica Santoro e Arianna Ragusa che hanno evidenziato quanto sia appassionante seguire una squadra fatta soprattutto da amici e compagni di comitiva. &#8220;Sono sicuro che questa squadra far\u00e0 bene &#8211; dice Michele Santoro, il nuovo direttore tecnico &#8211; proprio perch\u00e9 ha la mentalit\u00e0 giusta e quell&#8217;entusiasmo nuovo che porter\u00e0 il nuovo allenatore&#8221;. L&#8217;obiettivo dichiarato della societ\u00e0 \u00e8 disputare un campionato dignitoso per consolidare la permanenza in Prima Categoria.<\/p>\n","protected":false},"excerpt":{"rendered":"<p>La Prima Categoria \u00e8 stato il primo obiettivo sin dalla nascita dell&#8217;Atletico Santa Croce: approdare nel calcio che conta, dove \u00e8 necessario mettere in luce quell&#8217;agonismo necessario per onorare la maglia che si indossa. &#8220;Il quarto livello dilettantistico e settimo complessivo del campionato italiano di calcio \u00e8 necessario affrontarlo con molta determinazione e tanto entusiasmo&#8221; [&hellip;]<\/p>\n","protected":false},"author":34,"featured_media":64968,"comment_status":"open","ping_status":"open","sticky":false,"template":"","format":"standard","meta":{"footnotes":""},"categories":[3],"tags":[],"class_list":["post-64967","post","type-post","status-publish","format-standard","has-post-thumbnail","hentry","category-sport"],"_links":{"self":[{"href":"https:\/\/www.santacroceweb.com\/index.php\/wp-json\/wp\/v2\/posts\/64967","targetHints":{"allow":["GET"]}}],"collection":[{"href":"https:\/\/www.santacroceweb.com\/index.php\/wp-json\/wp\/v2\/posts"}],"about":[{"href":"https:\/\/www.santacroceweb.com\/index.php\/wp-json\/wp\/v2\/types\/post"}],"author":[{"embeddable":true,"href":"https:\/\/www.santacroceweb.com\/index.php\/wp-json\/wp\/v2\/users\/34"}],"replies":[{"embeddable":true,"href":"https:\/\/www.santacroceweb.com\/index.php\/wp-json\/wp\/v2\/comments?post=64967"}],"version-history":[{"count":0,"href":"https:\/\/www.santacroceweb.com\/index.php\/wp-json\/wp\/v2\/posts\/64967\/revisions"}],"wp:featuredmedia":[{"embeddable":true,"href":"https:\/\/www.santacroceweb.com\/index.php\/wp-json\/wp\/v2\/media\/64968"}],"wp:attachment":[{"href":"https:\/\/www.santacroceweb.com\/index.php\/wp-json\/wp\/v2\/media?parent=64967"}],"wp:term":[{"taxonomy":"category","embeddable":true,"href":"https:\/\/www.santacroceweb.com\/index.php\/wp-json\/wp\/v2\/categories?post=64967"},{"taxonomy":"post_tag","embeddable":true,"href":"https:\/\/www.santacroceweb.com\/index.php\/wp-json\/wp\/v2\/tags?post=64967"}],"curies":[{"name":"wp","href":"https:\/\/api.w.org\/{rel}","templated":true}]}}