{"id":65193,"date":"2019-07-17T09:27:27","date_gmt":"2019-07-17T07:27:27","guid":{"rendered":"http:\/\/www.santacroceweb.com\/giornale1\/?p=65193"},"modified":"2019-07-17T13:04:14","modified_gmt":"2019-07-17T11:04:14","slug":"e-morto-linventore-di-montalbano-il-lungo-addio-di-camilleri","status":"publish","type":"post","link":"https:\/\/www.santacroceweb.com\/index.php\/2019\/07\/17\/e-morto-linventore-di-montalbano-il-lungo-addio-di-camilleri\/","title":{"rendered":"E&#8217; morto il pap\u00e0 di Montalbano: addio Camilleri! <font color=red>Il ricordo di Zingaretti<\/font>"},"content":{"rendered":"<p style=\"text-align: justify;\"><strong>Il grande scrittore Andrea Camilleri<\/strong> \u00e8 morto stamani all&#8217;ospedale Santo Spirito di Roma dove era da tempo ricoverato. Lo scorso 17 giugno era stato colpito da un arresto cardiaco. Il 93enne, nativo di Porto Empedocle (Agrigento), ha legato il suo nome alla fortunata serie televisiva de &#8220;Il commissario Montalbano&#8221;, prodotta da Palomar per la Rai, che si \u00e8 ispirata ai suoi romanzi. &#8220;Le condizioni sempre critiche di questi giorni si sono aggravate nelle ultime ore compromettendo le funzioni vitali &#8211; si legge nel bollettino dell&#8217;ospedale -. Per volont\u00e0 del maestro e della famiglia le esequie saranno riservate. Verr\u00e0 reso noto dove portare un ultimo omaggio&#8221;.<\/p>\n<p><span style=\"color: #ff0000;\"><strong>IL RICORDO DI LUCA ZINGARETTI<\/strong><\/span><\/p>\n<blockquote class=\"instagram-media\" style=\"background: #FFF; border: 0; border-radius: 3px; box-shadow: 0 0 1px 0 rgba(0,0,0,0.5),0 1px 10px 0 rgba(0,0,0,0.15); margin: 1px; max-width: 540px; min-width: 326px; padding: 0; width: calc(100% - 2px);\" data-instgrm-captioned=\"\" data-instgrm-permalink=\"https:\/\/www.instagram.com\/p\/B0AtrpJC8-m\/\" data-instgrm-version=\"12\">\n<div style=\"padding: 16px;\">\n<p>&nbsp;<\/p>\n<div style=\"display: flex; flex-direction: row; align-items: center;\">\n<div style=\"background-color: #f4f4f4; border-radius: 50%; flex-grow: 0; height: 40px; margin-right: 14px; width: 40px;\"><\/div>\n<div style=\"display: flex; flex-direction: column; flex-grow: 1; justify-content: center;\">\n<div style=\"background-color: #f4f4f4; border-radius: 4px; flex-grow: 0; height: 14px; margin-bottom: 6px; width: 100px;\"><\/div>\n<div style=\"background-color: #f4f4f4; border-radius: 4px; flex-grow: 0; height: 14px; width: 60px;\"><\/div>\n<\/div>\n<\/div>\n<div style=\"padding: 19% 0;\"><\/div>\n<div style=\"display: block; height: 50px; margin: 0 auto 12px; width: 50px;\"><\/div>\n<div style=\"padding-top: 8px;\">\n<div style=\"color: #3897f0; font-family: Arial,sans-serif; font-size: 14px; font-style: normal; font-weight: 550; line-height: 18px;\">Visualizza questo post su Instagram<\/div>\n<\/div>\n<div style=\"padding: 12.5% 0;\"><\/div>\n<div style=\"display: flex; flex-direction: row; margin-bottom: 14px; align-items: center;\">\n<div>\n<div style=\"background-color: #f4f4f4; border-radius: 50%; height: 12.5px; width: 12.5px; transform: translateX(0px) translateY(7px);\"><\/div>\n<div style=\"background-color: #f4f4f4; height: 12.5px; transform: rotate(-45deg) translateX(3px) translateY(1px); width: 12.5px; flex-grow: 0; margin-right: 14px; margin-left: 2px;\"><\/div>\n<div style=\"background-color: #f4f4f4; border-radius: 50%; height: 12.5px; width: 12.5px; transform: translateX(9px) translateY(-18px);\"><\/div>\n<\/div>\n<div style=\"margin-left: 8px;\">\n<div style=\"background-color: #f4f4f4; border-radius: 50%; flex-grow: 0; height: 20px; width: 20px;\"><\/div>\n<div style=\"width: 0; height: 0; border-top: 2px solid transparent; border-left: 6px solid #f4f4f4; border-bottom: 2px solid transparent; transform: translateX(16px) translateY(-4px) rotate(30deg);\"><\/div>\n<\/div>\n<div style=\"margin-left: auto;\">\n<div style=\"width: 0px; border-top: 8px solid #F4F4F4; border-right: 8px solid transparent; transform: translateY(16px);\"><\/div>\n<div style=\"background-color: #f4f4f4; flex-grow: 0; height: 12px; width: 16px; transform: translateY(-4px);\"><\/div>\n<div style=\"width: 0; height: 0; border-top: 8px solid #F4F4F4; border-left: 8px solid transparent; transform: translateY(-4px) translateX(8px);\"><\/div>\n<\/div>\n<\/div>\n<p>&nbsp;<\/p>\n<p style=\"margin: 8px 0 0 0; padding: 0 4px;\"><a style=\"color: #000; font-family: Arial,sans-serif; font-size: 14px; font-style: normal; font-weight: normal; line-height: 17px; text-decoration: none; word-wrap: break-word;\" href=\"https:\/\/www.instagram.com\/p\/B0AtrpJC8-m\/\" target=\"_blank\" rel=\"noopener noreferrer\">E alla fine mi hai spiazzato ancora una volta e ci hai lasciato. Nonostante le notizie sempre pi\u00f9 tragiche, ho sperato fino all\u2019ultimo che aprissi gli occhi e ci apostrofassi con una delle tue frasi, tutte da ascoltare, tutte da conservare. E invece \u00e8 arrivato il momento di ricordare. Di cercare le parole per spiegare chi sar\u00e0 per sempre per me Andrea Camilleri. Un Maestro prima di tutto, un uomo fedele al suo pensiero sempre leale, sempre dalla parte della verita&#8217; che ha raccontato tutti noi e il nostro paese. Mancherai. \u00c8 inevitabile, \u00e8 doveroso. Per la tua statura artistica, culturale, intellettuale e soprattutto umana. Le tue parole resteranno sempre con la stessa semplicit\u00e0 e con l&#8217;immensa generosit\u00e0 e saggezza con cui le hai condivise, da mente libera e superba quale sei. Ma soprattutto mancherai a me perch\u00e9 in tutti questi anni meravigliosi in cui ho incrociato la mia vita con quella del commissario, mi sei stato amico. Ho avuto la strana sensazione che bastasse un tuo tratto di penna a cambiare la mia vita. Ho vissuto accanto a te, nel tuo mondo, quello che avevi creato, quello che ti apparteneva perch\u00e9 uno scrittore non pu\u00f2 che riportare se stesso nelle cose che scrive. E ho imparato tantissimo. Il rispetto per le persone, tutte, per se stessi, e per le persone deboli. Perch\u00e8 il tuo commissario \u00e8 cos\u00ec che la pensa. A volerti bene no. Quello gi\u00e0 sapevo farlo dai tempi dell\u2019accademia, quando non ci trattavi da allievi, ma piuttosto da colleghi. Ho imparato che il valore delle persone non c\u2019entra nulla con quello che guadagnano, con le posizioni che ricoprono, con i titoli che adornano il loro cognome: le persone si valutano per quello che sono. Adesso te ne vai e mi lasci con un senso incolmabile di vuoto, ma so che ogni volta che dir\u00f2, anche da solo, nella mia testa, \u201cMontalbano sono!\u201d dovunque te ne sia andato sorriderai sornione, magari fumandoti una sigaretta e facendomi l\u2019occhiolino in segno di intesa, come l\u2019ultima volta che ci siamo visti a Siracusa. Addio maestro e amico, la terra ti sia lieve! Tuo Luca<\/a><\/p>\n<p style=\"color: #c9c8cd; font-family: Arial,sans-serif; font-size: 14px; line-height: 17px; margin-bottom: 0; margin-top: 8px; overflow: hidden; padding: 8px 0 7px; text-align: center; text-overflow: ellipsis; white-space: nowrap;\">Un post condiviso da <a style=\"color: #c9c8cd; font-family: Arial,sans-serif; font-size: 14px; font-style: normal; font-weight: normal; line-height: 17px;\" href=\"https:\/\/www.instagram.com\/luc_zingaretti\/\" target=\"_blank\" rel=\"noopener noreferrer\"> Luca Zingaretti<\/a> (@luc_zingaretti) in data: <time style=\"font-family: Arial,sans-serif; font-size: 14px; line-height: 17px;\" datetime=\"2019-07-17T08:27:55+00:00\">17 Lug 2019 alle ore 1:27 PDT<\/time><\/p>\n<\/div>\n<\/blockquote>\n<p><script async src=\"\/\/www.instagram.com\/embed.js\"><\/script><\/p>\n<p style=\"text-align: justify;\"><strong>Sono pochissimi gli scrittori veri che,<\/strong> oltre a diventare popolari per i loro libri, riescono ad essere amati anche come personaggi. Andrea Camilleri, morto a 93 anni, era uno di questi e ha usato questa sua forza mediatica per raccontare di s\u00e9 e del suo amato commissario Montalbano, ma soprattutto per intervenire sul sociale, per cercar di far arrivare ai suoi lettori, che sono tantissimi, alcune idee base di democrazia e eguaglianza e dignit\u00e0 che sapeva bene oggi purtroppo non sono pi\u00f9 da dare per scontate.<\/p>\n<p style=\"text-align: justify;\"><strong>La sua importanza come artista e intellettuale<\/strong> \u00e8 stata proprio in questo costante impegno nella scrittura legata alle idee (si vedano un libro quale &#8216;Come la penso&#8217; del 2013 o le sue prese di posizione sul governo Berlusconi e oggi verso Salvini), proposte con la sua aria bonaria ma anche con un preciso vigore, con quel guizzo negli occhi che rende vero e vitale quel che si sta dicendo, senza perdere forza nemmeno ora che gli occhi gli si erano spenti. E i modi per dirlo, oltre a quelli diretti delle interviste su temi caldi del momento, sono anche quelli dei romanzi, in particolare quelli costruiti su influenza di Sciascia partendo da un avvenimento storico del passato pi\u00f9 o meno recente, ma tutti alla fine incentrati sul nodo dei rapporti tra potere e malavita organizzata. (Ansa)<\/p>\n<p><span style=\"color: #ff0000;\"><strong>LA BIOGRAFIA DI ANDREA CAMILLERI<\/strong><\/span><\/p>\n<p style=\"text-align: justify;\">Camilleri era nato il 6 settembre del 1925 a Porto Empedocle e il suo nome \u00e8 legato indissolubilmente al personaggio del commissario Montalbano che tanto successo ha riscosso negli anni e dai cui romanzi sono stati tratti i film con Luca Zingaretti attore protagonista. Il cuoco dell&#8217;Alcyon \u00e8 stato il suo ultimo scritto, nel 2019, edito da Sellerio Editore.<\/p>\n<p style=\"text-align: justify;\">Dalla fine degli anni quaranta vive a Roma e dal 1968 trascorre alcuni mesi a Bagnolo, in Toscana. Diventer\u00e0 nel 2014 cittadino onorario del borgo toscano e nel 2017 gli viene intitolato il teatro comunale del paese. Prima, per\u00f2, il giovane Camilleri gira la Sicilia e come ricorda lo scrittore, comincia &#8220;una sorta di mezzo periplo a piedi o su camion tedeschi e italiani sotto un continuo mitragliamento&#8221;.<\/p>\n<p style=\"text-align: justify;\">Nel 1942 lavora come regista teatrale e come sceneggiatore, nel 1944 si iscrive alla Facolt\u00e0 di Lettere e Filosofia dell&#8217;Universit\u00e0 degli Studi di Palermo e dall&#8217;anno successivo pubblica racconti e poesie arrivando tra i finalisti del Premio Saint Vincent. Nel 1946 si trasferisce ad Enna e l\u00ec frequenta la biblioteca comunale. Si appassiona ancor di pi\u00f9 alla letteratura e conosce diversi generi letterari. Nel 1947 vince il Premio Firenze con alcune sue poesie. La permanenza ad Enna sar\u00e0 fondamentale per la sua carriera. Nel 1949 viene ammesso, come unico allievo regista per quell&#8217;anno, all&#8217;Accademia drammatica Silvio D&#8217;Amico e conclude gli studi nel 1952. In questo periodo segue la regia di pi\u00f9 di cento opere.<\/p>\n<p style=\"text-align: justify;\">Scrive i suoi primi racconti per riviste e per quotidiani come L&#8217;Italia socialista e L&#8217;Ora di Palermo. Come scenografo mette in scena Finale di partita di Beckett e ne cura anche una versione televisiva. Porta in teatro testi di IOnesco e i poemi di Majakovskij.<\/p>\n<p style=\"text-align: justify;\">Nel 1957 entra in Rai e nello stesso anno sposa Rosetta Dello Siesto, dalla quale ha tre figlie. Camilleri non si ferma e dal 1958 al 1965 e dal 1968 al 1970 insegna al Centro Sperimentale di Cinematografia di Roma e per 20 anni, dal 1977 al 1997, \u00e8 titolare della cattedra di regia all&#8217;Accademia Nazionale d&#8217;Arte Drammatica &#8216;Silvio D&#8217;Amico&#8217;. In Rai si occupa, come delegato alla produzione, di alcune produzioni, quali: Le avventure di Laura Storm e le fiction con il tenente Sheridan e Le inchieste del commissario Maigret.<\/p>\n<p style=\"text-align: justify;\">Nel 1978 esordisce nella narrativa con Il corso delle cose, scritto dieci anni prima e nel 1980, pubblica con Garzanti Un filo di fumo, primo di una serie di romanzi ambientati nell&#8217;immaginaria cittadina siciliana di Vigata a cavallo fra la fine dell&#8217;Ottocento e l&#8217;inizio del Novecento. Grazie a quest&#8217;ultima opera Camilleri riceve il suo primo premio letterario a Gela.<\/p>\n<p style=\"text-align: justify;\">Proprio Vigata diventer\u00e0 nella seconda parte della sua vita il centro di tanti racconti, una cittadina immaginaria che per i suoi lettori sar\u00e0 come reale. A Vigata \u00e8 legata la figura di Camilleri e del commissario Montalbano e, conseguentemente, di Zingaretti. La serie televisiva trasmessa dalla Rai \u00e8 prodotta dal 1999 e sono stati girati 34 episodi suddivisi su 13 stagioni.<\/p>\n<p style=\"text-align: justify;\">Nel 1984 uno dei pochissimi insuccessi. Lo scrittore pubblica, per Sellerio Editore, La strage dimenticata e dopo il flop decide di prendersi una pausa abbastanza lunga. Dodici anni di silenzio e nel 1992 riprende a scrivere pubblicando La stagione della caccia, edito da Sellerio. Un inizio che non vedr\u00e0 pi\u00f9 una conclusione.<\/p>\n<p style=\"text-align: justify;\">Camilleri piace e i suoi scritti ricevono sempre pi\u00f9 consensi. Nel 1993 ecco La bolla di componenda, edito sempre da Sellerio, e nel 1994 pubblica La forma dell&#8217;acqua, primo romanzo poliziesco con il commissario Montalbano e l&#8217;anno successivo Il birraio di Preston, che partecipa al Premio Viareggio e grazie al quale, pur senza classificarsi, riesce a ottenere un discreto successo di pubblico.<\/p>\n<p style=\"text-align: justify;\">Il successo di Camilleri \u00e8 inarrestabile, i suoi libri vengono ristampati pi\u00f9 volte e vendono mediamente intorno alle 60.000 copie. La critica per\u00f2 non lo risparmia accusandolo, a volte, di essere ripetitivo. Ma lo scrittore va dritto per la sua strada, sostenuto dal suo pubblico e dal 1998 si parla di fenomeno-Camilleri. Dal 1995 al 2003 i suoi libri vanno a ruba, Il birraio di Preston (1995), La concessione del telefono e La mossa del cavallo (1999) sono tra i libri pi\u00f9 letti. Stessi anni in cui debutta la serie televisiva su Montalbano, interpretato da Luca Zingaretti.<\/p>\n<p style=\"text-align: justify;\">Alla fine del 2002, accetta la nomina di direttore artistico del Teatro Comunale Regina Margherita di Racalmuto, inaugurato nel febbraio 2003 alla presenza del Capo dello Stato, Carlo Azeglio Ciampi. Nel 2004 pubblica La pazienza del ragno, nel giugno 2005 La luna di carta, a marzo 2005 Privo di titolo. Tra il 2006 e il 2008, pubblica La vampa d&#8217;agosto, Le ali della sfinge, La pista di sabbia, Il campo del vasaio, L&#8217;et\u00e0 del dubbio, altri cinque romanzi che hanno per protagonista Montalbano e nel 2007 vince il Premio letterario &#8220;La Tore &#8211; Isola d&#8217;Elba&#8221;.<\/p>\n<p style=\"text-align: justify;\">Nel febbraio del 2008 presso Mondadori pubblica Il tailleur grigio e nel giugno dello stesso anno con Sellerio Il casellante, secondo romanzo di una trilogia di romanzi fantastici, primo dei quali \u00e8 il romanzo Maruzza Musumeci pubblicato nel 2007, conclusasi nel 2009 con Il sonaglio.<\/p>\n<p style=\"text-align: justify;\">Ma Camilleri decide di tuffarsi anche nel web e cos\u00ec, nel 2008, pubblica, un suo racconto, La finestra sul cortile (gi\u00e0 apparso in versione cartacea sul mensile Il Nasone di Prati), che vede come protagonista sempre il commissario Montalbano, inserito come appendice nel libro Racconti di Montalbano.<\/p>\n","protected":false},"excerpt":{"rendered":"<p>Il grande scrittore Andrea Camilleri \u00e8 morto stamani all&#8217;ospedale Santo Spirito di Roma dove era da tempo ricoverato. Lo scorso 17 giugno era stato colpito da un arresto cardiaco. Il 93enne, nativo di Porto Empedocle (Agrigento), ha legato il suo nome alla fortunata serie televisiva de &#8220;Il commissario Montalbano&#8221;, prodotta da Palomar per la Rai, [&hellip;]<\/p>\n","protected":false},"author":34,"featured_media":49999,"comment_status":"open","ping_status":"open","sticky":false,"template":"","format":"standard","meta":{"footnotes":""},"categories":[6],"tags":[],"class_list":["post-65193","post","type-post","status-publish","format-standard","has-post-thumbnail","hentry","category-culturaespettacolo"],"_links":{"self":[{"href":"https:\/\/www.santacroceweb.com\/index.php\/wp-json\/wp\/v2\/posts\/65193","targetHints":{"allow":["GET"]}}],"collection":[{"href":"https:\/\/www.santacroceweb.com\/index.php\/wp-json\/wp\/v2\/posts"}],"about":[{"href":"https:\/\/www.santacroceweb.com\/index.php\/wp-json\/wp\/v2\/types\/post"}],"author":[{"embeddable":true,"href":"https:\/\/www.santacroceweb.com\/index.php\/wp-json\/wp\/v2\/users\/34"}],"replies":[{"embeddable":true,"href":"https:\/\/www.santacroceweb.com\/index.php\/wp-json\/wp\/v2\/comments?post=65193"}],"version-history":[{"count":0,"href":"https:\/\/www.santacroceweb.com\/index.php\/wp-json\/wp\/v2\/posts\/65193\/revisions"}],"wp:featuredmedia":[{"embeddable":true,"href":"https:\/\/www.santacroceweb.com\/index.php\/wp-json\/wp\/v2\/media\/49999"}],"wp:attachment":[{"href":"https:\/\/www.santacroceweb.com\/index.php\/wp-json\/wp\/v2\/media?parent=65193"}],"wp:term":[{"taxonomy":"category","embeddable":true,"href":"https:\/\/www.santacroceweb.com\/index.php\/wp-json\/wp\/v2\/categories?post=65193"},{"taxonomy":"post_tag","embeddable":true,"href":"https:\/\/www.santacroceweb.com\/index.php\/wp-json\/wp\/v2\/tags?post=65193"}],"curies":[{"name":"wp","href":"https:\/\/api.w.org\/{rel}","templated":true}]}}