{"id":65199,"date":"2019-07-17T10:47:16","date_gmt":"2019-07-17T08:47:16","guid":{"rendered":"http:\/\/www.santacroceweb.com\/giornale1\/?p=65199"},"modified":"2019-07-17T12:30:20","modified_gmt":"2019-07-17T10:30:20","slug":"camilleri-e-il-legame-con-marinella-e-se-gli-dedicassimo-piazza-torre","status":"publish","type":"post","link":"https:\/\/www.santacroceweb.com\/index.php\/2019\/07\/17\/camilleri-e-il-legame-con-marinella-e-se-gli-dedicassimo-piazza-torre\/","title":{"rendered":"Camilleri e il legame con Marinella: &#8220;E se gli dedicassimo Piazza Torre?&#8221;"},"content":{"rendered":"<p style=\"text-align: justify;\"><strong>E\u2019 da Andrea Camilleri, dai suoi racconti<\/strong> ambientati fra Vigata e Marinella, che deriva, pi\u00f9 o meno direttamente, la fortuna di Punta Secca e dei luoghi del commissario Montalbano. Bravo lo scrittore a dipingerli nell\u2019immaginario collettivo, attraverso i suoi romanzi; audace la Palomar, con Pasquale Spadola in testa, a trasformarli in set cinematografo per circa un ventennio. E\u2019 stata la tv a celebrare la provincia di Ragusa, rendendo Punta Secca un assoluto punto di riferimento sotto il profilo turistico e della fama internazionale. Per questo, di fronte alla scomparsa del maestro di Porto Empedocle, il Comune di Santa Croce intende fare qualcosa.<\/p>\n<p style=\"text-align: justify;\"><strong>Da una prima interlocuzione fra il sindaco Giovanni Barone<\/strong> e il presidente del Consiglio Piero Mandar\u00e0, \u00e8 emersa la volont\u00e0 di intraprendere un iter progettuale per dedicare ad Andrea Camilleri la piazza Torre di Punta Secca. \u201cQuella di Andrea Camilleri \u2013 si legge in una nota dell\u2019Amministrazione &#8211; \u00e8 una perdita dolorosa per tutta la comunit\u00e0 di Santa Croce. Con lui se ne va un padre nobile della Sicilia e una penna sublime, capace di segnare la cultura del nostro tempo. E\u2019 al maestro di Porto Empedocle, inventore di Vigata e ispiratore della fiction del commissario Montalbano, che il comune di Santa Croce deve le sue fortune televisive e da un punto di vista turistico. Per questo gli saremo eternamente grati. Il sindaco Giovanni Barone, la giunta, il presidente del Consiglio e tutti i consiglieri comunali porgono le pi\u00f9 sincere condoglianze alla famiglia. Che questa terra ti sia lieve, maestro\u201d.<\/p>\n<p style=\"text-align: justify;\"><strong>Intanto a Punta Secca,<\/strong> presso il mezzobusto in acciaio realizzato dal maestro Nino Barone, \u00e8 cominciato un via vai di gente per depositare fiori e disegni in memoria dello scrittore. Come evidenziato su Facebook da un post di Gianni Giacchi.<\/p>\n<p><iframe style=\"border: none; overflow: hidden;\" src=\"https:\/\/www.facebook.com\/plugins\/post.php?href=https%3A%2F%2Fwww.facebook.com%2Fgianni.giacchi.984%2Fposts%2F149927799423196&amp;width=500\" width=\"500\" height=\"650\" frameborder=\"0\" scrolling=\"no\"><\/iframe><\/p>\n","protected":false},"excerpt":{"rendered":"<p>E\u2019 da Andrea Camilleri, dai suoi racconti ambientati fra Vigata e Marinella, che deriva, pi\u00f9 o meno direttamente, la fortuna di Punta Secca e dei luoghi del commissario Montalbano. Bravo lo scrittore a dipingerli nell\u2019immaginario collettivo, attraverso i suoi romanzi; audace la Palomar, con Pasquale Spadola in testa, a trasformarli in set cinematografo per circa [&hellip;]<\/p>\n","protected":false},"author":34,"featured_media":65200,"comment_status":"open","ping_status":"open","sticky":false,"template":"","format":"standard","meta":{"footnotes":""},"categories":[8,11],"tags":[],"class_list":["post-65199","post","type-post","status-publish","format-standard","has-post-thumbnail","hentry","category-attualita","category-primopiano"],"_links":{"self":[{"href":"https:\/\/www.santacroceweb.com\/index.php\/wp-json\/wp\/v2\/posts\/65199","targetHints":{"allow":["GET"]}}],"collection":[{"href":"https:\/\/www.santacroceweb.com\/index.php\/wp-json\/wp\/v2\/posts"}],"about":[{"href":"https:\/\/www.santacroceweb.com\/index.php\/wp-json\/wp\/v2\/types\/post"}],"author":[{"embeddable":true,"href":"https:\/\/www.santacroceweb.com\/index.php\/wp-json\/wp\/v2\/users\/34"}],"replies":[{"embeddable":true,"href":"https:\/\/www.santacroceweb.com\/index.php\/wp-json\/wp\/v2\/comments?post=65199"}],"version-history":[{"count":0,"href":"https:\/\/www.santacroceweb.com\/index.php\/wp-json\/wp\/v2\/posts\/65199\/revisions"}],"wp:featuredmedia":[{"embeddable":true,"href":"https:\/\/www.santacroceweb.com\/index.php\/wp-json\/wp\/v2\/media\/65200"}],"wp:attachment":[{"href":"https:\/\/www.santacroceweb.com\/index.php\/wp-json\/wp\/v2\/media?parent=65199"}],"wp:term":[{"taxonomy":"category","embeddable":true,"href":"https:\/\/www.santacroceweb.com\/index.php\/wp-json\/wp\/v2\/categories?post=65199"},{"taxonomy":"post_tag","embeddable":true,"href":"https:\/\/www.santacroceweb.com\/index.php\/wp-json\/wp\/v2\/tags?post=65199"}],"curies":[{"name":"wp","href":"https:\/\/api.w.org\/{rel}","templated":true}]}}