{"id":65356,"date":"2019-07-23T16:14:49","date_gmt":"2019-07-23T14:14:49","guid":{"rendered":"http:\/\/www.santacroceweb.com\/giornale1\/?p=65356"},"modified":"2019-07-23T16:14:49","modified_gmt":"2019-07-23T14:14:49","slug":"qualcuno-ha-detto-strisce-blu-la-novita-piu-indigesta-dellestate","status":"publish","type":"post","link":"https:\/\/www.santacroceweb.com\/index.php\/2019\/07\/23\/qualcuno-ha-detto-strisce-blu-la-novita-piu-indigesta-dellestate\/","title":{"rendered":"Qualcuno ha detto &#8220;strisce blu&#8221;? La novit\u00e0 pi\u00f9 indigesta dell&#8217;estate"},"content":{"rendered":"<p style=\"text-align: justify;\"><strong>Non si placano le polemiche sulle strisce blu<\/strong> a Punta Secca, Caucana e Casuzze. Dopo un periodo di calma apparente, anche sui social si \u00e8 tornati a discutere della scottante questione che ha riacceso gli animi. I cittadini, alcuni commercianti e anche i residenti sono tornati all\u2019attacco dell&#8217;amministrazione comunale che \u00e8 accusata di voler fare cassa sulla pelle dei santacrocesi, con questo nuovo balzello sui parcheggi, dopo il fallimento della vendita dei posti auto dell&#8217;anno scorso. Inoltre, si contesta la disposizione logistica degli stalli, nonch\u00e9 il numero abnorme degli stessi (nella foto 60 posti auto vuoti). Ad oggi, nel parcheggio all&#8217;ingresso di Punta Secca, nessuno mai ha parcheggiato un&#8217;autovettura e molti hanno finito per preferire le vicine Torre di Mezzo e Punta Braccetto, rendendole caotiche. Nonostante le tariffe applicate non abbiano lo stesso prezzo di localit\u00e0 meno rinomate di Punta Secca, con la possibilit\u00e0 di sottoscrivere degli abbonamenti per risparmiare sui costi, anche stavolta la scelta del Comune appare indigesta, talvolta inopportuna.<\/p>\n<p style=\"text-align: justify;\"><strong>Diciamoci la verit\u00e0, questa vicenda<\/strong> \u00e8 iniziata male e rischia di finire peggio. Una gestione alla \u2018carlona\u2019 del bando di gara, senza coinvolgere il Consiglio comunale sui costi, cos\u00ec come era avvenuto l&#8217;anno scorso sulla scellerata vendita dei posti auto. Eppure la \u2018tassa blu\u2019 da pagare, con l\u2019accordo stipulato con la societ\u00e0 che si \u00e8 aggiudicata la gestione dei parcheggi, prevede l\u2019assunzione di disoccupati per ricoprire il ruolo di ausiliari del traffico. \u00c8 diventato l&#8217;argomento principe sotto l&#8217;ombrellone, nei bar e persino nei ristoranti, dove vengono richieste le monetine necessarie per consumare un pasto e andare subito via. Il Codice della Strada prevede che i Comuni possano istituire delle zone di parcheggio a pagamento, delimitate dalle strisce blu, in determinate aree e va ribadito, per\u00f2, che il Comune deve garantire parcheggi liberi e scegliere le aree a pagamento con criterio. Purtroppo, ad oggi, per fare cassa si \u00e8 creato un mezzo disastro mandando su tutte le furie commercianti e cittadini. &#8220;Sui parcheggi a pagamento si pu\u00f2 essere favorevoli o contrari, ognuno \u00e8 libero di pensarla come meglio crede, ma sarebbe ora di finirla con questo teatrino stucchevole&#8221; si legge tra i commenti su Facebook. Ma qualcuno replica:\u00a0 Dato che i parcheggi a pagamento esistono in tutte le citt\u00e0 italiane, perch\u00e9 a Punta Secca, Punta Braccetto, Torre di Mezzo, Caucana e Casuzze non dovrebbero esserci?&#8221;. Se le cose fossero state fatte in maniera corretta, aggiungendo pure Torre di Mezzo e Punta Braccetto, con criteri e con tariffe eque, forse, sarebbe stato pi\u00f9 semplice da accettare.<\/p>\n<p style=\"text-align: justify;\"><strong>Annullare il bando dopo un mese <\/strong>comporterebbe il pagamento di penali e l\u2019apertura di un contenzioso dagli esisti quanto meno disastrosi. In ogni caso sarebbe sempre il cittadino a pagarne le conseguenze, mentre diminuire le tariffe servirebbe a garantire l&#8217;utilizzo anche di quei posti disponibili. Certo \u00e8 che questo problema va risolto, magari rivedendo ostili posizioni al palazzo di citt\u00e0 che da parte della stragrande maggioranza dei cittadini non sono condivise. &#8220;Abbiamo in questo comune un civico consesso eletto dal popolo, ad oggi sicuramente poco incisivo &#8211; si legge ancora sui social &#8211; sulle problematiche inerenti a Santa Croce Camerina e alle borgate a mare, come i servizi nelle spiagge, la differenziata, la pulizie dei cigli delle strade e la disinfestazione&#8221;. Andrea Camilleri \u00e8 morto, va onorato anche per aver creato i luoghi di Montalbano e speriamo che assieme a lui non muoia pure Punta Secca.<\/p>\n<div id='gallery-1' class='gallery galleryid-65356 gallery-columns-3 gallery-size-thumbnail'><figure class='gallery-item'>\n\t\t\t<div class='gallery-icon landscape'>\n\t\t\t\t<a href='https:\/\/www.santacroceweb.com\/index.php\/2019\/07\/23\/qualcuno-ha-detto-strisce-blu-la-novita-piu-indigesta-dellestate\/20190720_183833\/'><img decoding=\"async\" width=\"150\" height=\"150\" src=\"https:\/\/www.santacroceweb.com\/giornale1\/wp-content\/uploads\/2019\/07\/20190720_183833-e1563891263676.jpg\" class=\"attachment-thumbnail size-thumbnail jl-lazyload lazyload\" alt=\"\" data-src=\"https:\/\/www.santacroceweb.com\/giornale1\/wp-content\/uploads\/2019\/07\/20190720_183833-e1563891263676-150x150.jpg\" \/><\/a>\n\t\t\t<\/div><\/figure><figure class='gallery-item'>\n\t\t\t<div class='gallery-icon landscape'>\n\t\t\t\t<a href='https:\/\/www.santacroceweb.com\/index.php\/2019\/07\/23\/qualcuno-ha-detto-strisce-blu-la-novita-piu-indigesta-dellestate\/immagine-1-39\/'><img decoding=\"async\" width=\"150\" height=\"150\" src=\"https:\/\/www.santacroceweb.com\/giornale1\/wp-content\/uploads\/2019\/07\/Immagine-1-e1591690371989.jpg\" class=\"attachment-thumbnail size-thumbnail jl-lazyload lazyload\" alt=\"\" data-src=\"https:\/\/www.santacroceweb.com\/giornale1\/wp-content\/uploads\/2019\/07\/Immagine-1-e1591690371989-150x150.jpg\" \/><\/a>\n\t\t\t<\/div><\/figure><figure class='gallery-item'>\n\t\t\t<div class='gallery-icon landscape'>\n\t\t\t\t<a href='https:\/\/www.santacroceweb.com\/index.php\/2019\/07\/23\/qualcuno-ha-detto-strisce-blu-la-novita-piu-indigesta-dellestate\/immagine-2-25\/'><img decoding=\"async\" width=\"150\" height=\"150\" src=\"https:\/\/www.santacroceweb.com\/giornale1\/wp-content\/uploads\/2019\/07\/Immagine-2.jpg\" class=\"attachment-thumbnail size-thumbnail jl-lazyload lazyload\" alt=\"\" data-src=\"https:\/\/www.santacroceweb.com\/giornale1\/wp-content\/uploads\/2019\/07\/Immagine-2-150x150.jpg\" \/><\/a>\n\t\t\t<\/div><\/figure><figure class='gallery-item'>\n\t\t\t<div class='gallery-icon landscape'>\n\t\t\t\t<a href='https:\/\/www.santacroceweb.com\/index.php\/2019\/07\/23\/qualcuno-ha-detto-strisce-blu-la-novita-piu-indigesta-dellestate\/20190722_192617\/'><img loading=\"lazy\" decoding=\"async\" width=\"150\" height=\"150\" src=\"https:\/\/www.santacroceweb.com\/giornale1\/wp-content\/uploads\/2019\/07\/20190722_192617.jpg\" class=\"attachment-thumbnail size-thumbnail jl-lazyload lazyload\" alt=\"\" data-src=\"https:\/\/www.santacroceweb.com\/giornale1\/wp-content\/uploads\/2019\/07\/20190722_192617-150x150.jpg\" \/><\/a>\n\t\t\t<\/div><\/figure>\n\t\t<\/div>\n\n","protected":false},"excerpt":{"rendered":"<p>Non si placano le polemiche sulle strisce blu a Punta Secca, Caucana e Casuzze. Dopo un periodo di calma apparente, anche sui social si \u00e8 tornati a discutere della scottante questione che ha riacceso gli animi. I cittadini, alcuni commercianti e anche i residenti sono tornati all\u2019attacco dell&#8217;amministrazione comunale che \u00e8 accusata di voler fare [&hellip;]<\/p>\n","protected":false},"author":26,"featured_media":65357,"comment_status":"open","ping_status":"open","sticky":false,"template":"","format":"gallery","meta":{"footnotes":""},"categories":[8],"tags":[],"class_list":["post-65356","post","type-post","status-publish","format-gallery","has-post-thumbnail","hentry","category-attualita","post_format-post-format-gallery"],"_links":{"self":[{"href":"https:\/\/www.santacroceweb.com\/index.php\/wp-json\/wp\/v2\/posts\/65356","targetHints":{"allow":["GET"]}}],"collection":[{"href":"https:\/\/www.santacroceweb.com\/index.php\/wp-json\/wp\/v2\/posts"}],"about":[{"href":"https:\/\/www.santacroceweb.com\/index.php\/wp-json\/wp\/v2\/types\/post"}],"author":[{"embeddable":true,"href":"https:\/\/www.santacroceweb.com\/index.php\/wp-json\/wp\/v2\/users\/26"}],"replies":[{"embeddable":true,"href":"https:\/\/www.santacroceweb.com\/index.php\/wp-json\/wp\/v2\/comments?post=65356"}],"version-history":[{"count":0,"href":"https:\/\/www.santacroceweb.com\/index.php\/wp-json\/wp\/v2\/posts\/65356\/revisions"}],"wp:featuredmedia":[{"embeddable":true,"href":"https:\/\/www.santacroceweb.com\/index.php\/wp-json\/wp\/v2\/media\/65357"}],"wp:attachment":[{"href":"https:\/\/www.santacroceweb.com\/index.php\/wp-json\/wp\/v2\/media?parent=65356"}],"wp:term":[{"taxonomy":"category","embeddable":true,"href":"https:\/\/www.santacroceweb.com\/index.php\/wp-json\/wp\/v2\/categories?post=65356"},{"taxonomy":"post_tag","embeddable":true,"href":"https:\/\/www.santacroceweb.com\/index.php\/wp-json\/wp\/v2\/tags?post=65356"}],"curies":[{"name":"wp","href":"https:\/\/api.w.org\/{rel}","templated":true}]}}