{"id":655,"date":"2013-01-07T09:29:14","date_gmt":"2013-01-07T08:29:14","guid":{"rendered":"http:\/\/www.santacroceweb.com\/giornale1\/?p=655"},"modified":"2013-01-07T13:18:03","modified_gmt":"2013-01-07T12:18:03","slug":"a-il-punto-si-parla-di-crisi-e-agricoltura-giovedi-10-saremo-in-onda-dalla-pizzeria-da-vince","status":"publish","type":"post","link":"https:\/\/www.santacroceweb.com\/index.php\/2013\/01\/07\/a-il-punto-si-parla-di-crisi-e-agricoltura-giovedi-10-saremo-in-onda-dalla-pizzeria-da-vince\/","title":{"rendered":"A &#8216;Il Punto&#8217; si parla di crisi e agricoltura: gioved\u00ec 10 saremo in onda dalla pizzeria &#8220;Da Vinc\u00e8&#8221;"},"content":{"rendered":"<p style=\"text-align: justify;\">La prima puntata del 2013 de &#8220;Il Punto&#8221; andr\u00e0 in onda dal Bar &#8211; Ristorante &#8211; Pizzeria &#8220;Da Vinc\u00e8&#8221; (ex &#8220;Il Delfino&#8221;) a Marina di Ragusa. L&#8217;appuntamento \u00e8 per giovedi 10 gennaio. L\u2019argomento della puntata sar\u00e0 la grave crisi dell\u2019agricoltura e saranno ospiti di Salvo Di Martino: l\u2019on. Francesco Aiello, ultimo assessore regionale all&#8217;Agricoltura della giunta Lombardo, l&#8217;on. Innocenzo Leontini, anch&#8217;egli ex assessore regionale al ramo, il presidente di \u201cAltra Agricoltura\u201d Gaetano Malaninno, fra l\u2019altro protagonista insieme ad altri suoi associati della protesta portata avanti per giorni in piazza Calvario a Vittoria, il presidente di &#8220;Agricoltura Soprattutto&#8221; Angelo Giacchi e il rappresentante di spicco dei &#8220;Forconi&#8221; Aldo Bertolone. Sar\u00e0 certamente una puntata molto interessante e con personaggi qualificati, per\u00a0 discutere di una situazione come quella che interessa decine di aziende agricole sull\u2019orlo del baratro. Vi aspettiamo numerosi\u00a0 sulla nostra web tv.<\/p>\n<p style=\"text-align: right;\"><strong>Redazione<\/strong><\/p>\n<p style=\"text-align: center;\"><a href=\"https:\/\/www.santacroceweb.com\/giornale1\/wp-content\/uploads\/2013\/01\/538374_542990069047048_1313415213_n1.jpg\"><img fetchpriority=\"high\" decoding=\"async\" class=\"aligncenter size-medium wp-image-657 lazyload\" title=\"538374_542990069047048_1313415213_n[1]\" src=\"data:image\/gif;base64,R0lGODlhAQABAAAAACH5BAEKAAEALAAAAAABAAEAAAICTAEAOw==\" data-src=\"https:\/\/www.santacroceweb.com\/giornale1\/wp-content\/uploads\/2013\/01\/538374_542990069047048_1313415213_n1-300x225.jpg\" alt=\"\" width=\"300\" height=\"225\" data-sizes=\"auto\" data-srcset=\"https:\/\/www.santacroceweb.com\/giornale1\/wp-content\/uploads\/2013\/01\/538374_542990069047048_1313415213_n1-300x225.jpg 300w, https:\/\/www.santacroceweb.com\/giornale1\/wp-content\/uploads\/2013\/01\/538374_542990069047048_1313415213_n1-768x576.jpg 768w, https:\/\/www.santacroceweb.com\/giornale1\/wp-content\/uploads\/2013\/01\/538374_542990069047048_1313415213_n1-86x64.jpg 86w, https:\/\/www.santacroceweb.com\/giornale1\/wp-content\/uploads\/2013\/01\/538374_542990069047048_1313415213_n1.jpg 960w\" sizes=\"(max-width: 300px) 100vw, 300px\" \/><\/a><\/p>\n<p style=\"text-align: center;\"><a href=\"https:\/\/www.santacroceweb.com\/giornale1\/wp-content\/uploads\/2013\/01\/298942_542989999047055_770076848_n1.jpg\"><img decoding=\"async\" class=\"aligncenter size-medium wp-image-658 lazyload\" title=\"298942_542989999047055_770076848_n[1]\" src=\"data:image\/gif;base64,R0lGODlhAQABAAAAACH5BAEKAAEALAAAAAABAAEAAAICTAEAOw==\" data-src=\"https:\/\/www.santacroceweb.com\/giornale1\/wp-content\/uploads\/2013\/01\/298942_542989999047055_770076848_n1-300x225.jpg\" alt=\"\" width=\"300\" height=\"225\" data-sizes=\"auto\" data-srcset=\"https:\/\/www.santacroceweb.com\/giornale1\/wp-content\/uploads\/2013\/01\/298942_542989999047055_770076848_n1-300x225.jpg 300w, https:\/\/www.santacroceweb.com\/giornale1\/wp-content\/uploads\/2013\/01\/298942_542989999047055_770076848_n1-768x576.jpg 768w, https:\/\/www.santacroceweb.com\/giornale1\/wp-content\/uploads\/2013\/01\/298942_542989999047055_770076848_n1-86x64.jpg 86w, https:\/\/www.santacroceweb.com\/giornale1\/wp-content\/uploads\/2013\/01\/298942_542989999047055_770076848_n1.jpg 960w\" sizes=\"(max-width: 300px) 100vw, 300px\" \/><\/a><\/p>\n<p style=\"text-align: center;\"><a href=\"https:\/\/www.santacroceweb.com\/giornale1\/wp-content\/uploads\/2013\/01\/188553_391243647619182_915930849_n1.jpg\"><img decoding=\"async\" class=\"aligncenter size-medium wp-image-660 lazyload\" title=\"188553_391243647619182_915930849_n[1]\" src=\"data:image\/gif;base64,R0lGODlhAQABAAAAACH5BAEKAAEALAAAAAABAAEAAAICTAEAOw==\" data-src=\"https:\/\/www.santacroceweb.com\/giornale1\/wp-content\/uploads\/2013\/01\/188553_391243647619182_915930849_n1-300x225.jpg\" alt=\"\" width=\"300\" height=\"225\" data-sizes=\"auto\" data-srcset=\"https:\/\/www.santacroceweb.com\/giornale1\/wp-content\/uploads\/2013\/01\/188553_391243647619182_915930849_n1-300x225.jpg 300w, https:\/\/www.santacroceweb.com\/giornale1\/wp-content\/uploads\/2013\/01\/188553_391243647619182_915930849_n1-768x576.jpg 768w, https:\/\/www.santacroceweb.com\/giornale1\/wp-content\/uploads\/2013\/01\/188553_391243647619182_915930849_n1-86x64.jpg 86w, https:\/\/www.santacroceweb.com\/giornale1\/wp-content\/uploads\/2013\/01\/188553_391243647619182_915930849_n1.jpg 960w\" sizes=\"(max-width: 300px) 100vw, 300px\" \/><\/a><\/p>\n","protected":false},"excerpt":{"rendered":"<p>La prima puntata del 2013 de &#8220;Il Punto&#8221; andr\u00e0 in onda dal Bar &#8211; Ristorante &#8211; Pizzeria &#8220;Da Vinc\u00e8&#8221; (ex &#8220;Il Delfino&#8221;) a Marina di Ragusa. L&#8217;appuntamento \u00e8 per giovedi 10 gennaio. L\u2019argomento della puntata sar\u00e0 la grave crisi dell\u2019agricoltura e saranno ospiti di Salvo Di Martino: l\u2019on. Francesco Aiello, ultimo assessore regionale all&#8217;Agricoltura della [&hellip;]<\/p>\n","protected":false},"author":34,"featured_media":656,"comment_status":"open","ping_status":"open","sticky":false,"template":"","format":"standard","meta":{"footnotes":""},"categories":[8,11],"tags":[],"class_list":["post-655","post","type-post","status-publish","format-standard","has-post-thumbnail","hentry","category-attualita","category-primopiano"],"_links":{"self":[{"href":"https:\/\/www.santacroceweb.com\/index.php\/wp-json\/wp\/v2\/posts\/655","targetHints":{"allow":["GET"]}}],"collection":[{"href":"https:\/\/www.santacroceweb.com\/index.php\/wp-json\/wp\/v2\/posts"}],"about":[{"href":"https:\/\/www.santacroceweb.com\/index.php\/wp-json\/wp\/v2\/types\/post"}],"author":[{"embeddable":true,"href":"https:\/\/www.santacroceweb.com\/index.php\/wp-json\/wp\/v2\/users\/34"}],"replies":[{"embeddable":true,"href":"https:\/\/www.santacroceweb.com\/index.php\/wp-json\/wp\/v2\/comments?post=655"}],"version-history":[{"count":0,"href":"https:\/\/www.santacroceweb.com\/index.php\/wp-json\/wp\/v2\/posts\/655\/revisions"}],"wp:featuredmedia":[{"embeddable":true,"href":"https:\/\/www.santacroceweb.com\/index.php\/wp-json\/wp\/v2\/media\/656"}],"wp:attachment":[{"href":"https:\/\/www.santacroceweb.com\/index.php\/wp-json\/wp\/v2\/media?parent=655"}],"wp:term":[{"taxonomy":"category","embeddable":true,"href":"https:\/\/www.santacroceweb.com\/index.php\/wp-json\/wp\/v2\/categories?post=655"},{"taxonomy":"post_tag","embeddable":true,"href":"https:\/\/www.santacroceweb.com\/index.php\/wp-json\/wp\/v2\/tags?post=655"}],"curies":[{"name":"wp","href":"https:\/\/api.w.org\/{rel}","templated":true}]}}