{"id":65872,"date":"2019-08-13T18:23:15","date_gmt":"2019-08-13T16:23:15","guid":{"rendered":"http:\/\/www.santacroceweb.com\/giornale1\/?p=65872"},"modified":"2019-08-13T18:29:06","modified_gmt":"2019-08-13T16:29:06","slug":"lumido-e-la-tregua-di-ferragosto-riprende-la-raccolta-ma-previsti-ritardi","status":"publish","type":"post","link":"https:\/\/www.santacroceweb.com\/index.php\/2019\/08\/13\/lumido-e-la-tregua-di-ferragosto-riprende-la-raccolta-ma-previsti-ritardi\/","title":{"rendered":"Umido, la tregua di Ferragosto: riprende la raccolta. Previsti ritardi"},"content":{"rendered":"<p style=\"text-align: justify;\"><strong>Riprender\u00e0 domattina, pi\u00f9 o meno regolarmente<\/strong>, la raccolta differenziata \u201cporta a porta\u201d a Santa Croce Camerina. Verr\u00e0 garantito il conferimento di tutte le tipologie di rifiuti. Il Comune ha ottenuto di poter scaricare due casse (una a Cava dei Modicani e l\u2019altra a Siculiana) e salvaguardare le condizioni igienico-sanitarie e il decoro pubblico nei giorni di Ferragosto. \u201cIl ritiro di umido e secco \u2013 ci tiene a sottolineare il sindaco Giovanni Barone, reduce da una protesta al palazzo dell\u2019ex provincia di Ragusa \u2013 potrebbe subire qualche ritardo, ma verr\u00e0 espletato correttamente\u201d. Una terza via d&#8217;uscita alla crisi di queste ore, inoltre, \u00e8 stata garantita da Raco Srl, la societ\u00e0 che gestisce la discarica di Belpasso, che aprir\u00e0 in cancelli alla Ecoseib subito dopo Ferragosto, concedendo di smaltire i rifiuti in eccesso. &#8220;Ci\u00f2 &#8211; ha aggiunto Barone &#8211; \u00e8 stato possibile grazie all\u2019interessamento dell\u2019assessore all\u2019Energia, Alberto Pierobon, del deputato regionale Orazio Ragusa, del dirigente del Dipartimento Acqua e Rifiuti, Salvo Cocina, e del commissario straordinario del Libero consorzio di Ragusa, Salvatore Piazza. In questo modo ci rimettiamo al passo degli altri Comuni, che ringrazio per la sensibilit\u00e0 dimostrata in questi giorni, anche se siamo consapevoli che le difficolt\u00e0 non sono superate&#8221;.<\/p>\n<p style=\"text-align: justify;\"><strong>Ormai da met\u00e0 luglio il comune di Santa Croce<\/strong> non riesce a scaricare nell\u2019impianto di compostaggio di Cava dei Modicani le quantit\u00e0 di \u201cumido\u201d prodotto, che \u00e8 circa tre volte superiore rispetto agli altri mesi dell\u2019anno e alla quota standard di conferimento settimanale. Nel corso della conferenza dei servizi di ieri, convocata da Srr e Ato Ambiente, si \u00e8 evidenziato come \u201cla questione della saturazione dell\u2019impianto di compostaggio di Cava dei Modicani (\u2026) ha messo in crisi molti comuni per la raccolta dell\u2019umido\u201d e che \u201ca breve sar\u00e0 varato un provvedimento che aumenter\u00e0 la soglia annua, ma non potr\u00e0 essere incrementata la capienza giornaliera, gi\u00e0 portata al massimo consentito\u201d. Parole del presidente della Srr, il sindaco di Ragusa Peppe Cass\u00ec. La crisi, quindi, non \u00e8 stata archiviata.<\/p>\n","protected":false},"excerpt":{"rendered":"<p>Riprender\u00e0 domattina, pi\u00f9 o meno regolarmente, la raccolta differenziata \u201cporta a porta\u201d a Santa Croce Camerina. Verr\u00e0 garantito il conferimento di tutte le tipologie di rifiuti. Il Comune ha ottenuto di poter scaricare due casse (una a Cava dei Modicani e l\u2019altra a Siculiana) e salvaguardare le condizioni igienico-sanitarie e il decoro pubblico nei giorni [&hellip;]<\/p>\n","protected":false},"author":11,"featured_media":65873,"comment_status":"open","ping_status":"open","sticky":false,"template":"","format":"standard","meta":{"footnotes":""},"categories":[8,11],"tags":[],"class_list":["post-65872","post","type-post","status-publish","format-standard","has-post-thumbnail","hentry","category-attualita","category-primopiano"],"_links":{"self":[{"href":"https:\/\/www.santacroceweb.com\/index.php\/wp-json\/wp\/v2\/posts\/65872","targetHints":{"allow":["GET"]}}],"collection":[{"href":"https:\/\/www.santacroceweb.com\/index.php\/wp-json\/wp\/v2\/posts"}],"about":[{"href":"https:\/\/www.santacroceweb.com\/index.php\/wp-json\/wp\/v2\/types\/post"}],"author":[{"embeddable":true,"href":"https:\/\/www.santacroceweb.com\/index.php\/wp-json\/wp\/v2\/users\/11"}],"replies":[{"embeddable":true,"href":"https:\/\/www.santacroceweb.com\/index.php\/wp-json\/wp\/v2\/comments?post=65872"}],"version-history":[{"count":0,"href":"https:\/\/www.santacroceweb.com\/index.php\/wp-json\/wp\/v2\/posts\/65872\/revisions"}],"wp:featuredmedia":[{"embeddable":true,"href":"https:\/\/www.santacroceweb.com\/index.php\/wp-json\/wp\/v2\/media\/65873"}],"wp:attachment":[{"href":"https:\/\/www.santacroceweb.com\/index.php\/wp-json\/wp\/v2\/media?parent=65872"}],"wp:term":[{"taxonomy":"category","embeddable":true,"href":"https:\/\/www.santacroceweb.com\/index.php\/wp-json\/wp\/v2\/categories?post=65872"},{"taxonomy":"post_tag","embeddable":true,"href":"https:\/\/www.santacroceweb.com\/index.php\/wp-json\/wp\/v2\/tags?post=65872"}],"curies":[{"name":"wp","href":"https:\/\/api.w.org\/{rel}","templated":true}]}}