{"id":66553,"date":"2019-09-19T09:19:10","date_gmt":"2019-09-19T07:19:10","guid":{"rendered":"http:\/\/www.santacroceweb.com\/giornale1\/?p=66553"},"modified":"2019-09-19T09:48:53","modified_gmt":"2019-09-19T07:48:53","slug":"santa-croce-arriva-anche-la-videosorveglianza-nelle-campagne","status":"publish","type":"post","link":"https:\/\/www.santacroceweb.com\/index.php\/2019\/09\/19\/santa-croce-arriva-anche-la-videosorveglianza-nelle-campagne\/","title":{"rendered":"Santa Croce, arriva anche la videosorveglianza nelle campagne"},"content":{"rendered":"<p style=\"text-align: justify;\"><strong>La videosorveglianza arriva nelle campagne siciliane e verr\u00e0 utilizzata per combattere il fenomeno del caporalato<\/strong>: a darne notizia il presidente della Regione Nello Musumeci che ha dichiarato: \u00abCos\u00ec entra nella fase operativa il Protocollo d\u2019intesa sottoscritto con il ministero dell\u2019Interno\u00bb. Per la concreta realizzazione del progetto bisogner\u00e0 aspettare i tempi necessari per creare la rete di videosorveglianza che seguir\u00e0 la progettazione esecutiva da affidare prossimamente attraverso un bando. La Regione si doter\u00e0 di una serie di strumenti ad alta tecnologia, da quello che si apprende dalla Regione, telecamere ad alta risoluzione e sensori audio\/video ambientali \u2013 che saranno collegate con la centrale operativa del Corpo Forestale della Sicilia. La rete di videosorveglianza sar\u00e0 finanziata con circa dodici milioni del Pon legalit\u00e0 2014\/2020. Il governo regionale, da parte sua, con una delibera proposta dall\u2019assessore al Territorio Toto Cordaro, si \u00e8 impegnato a destinare duecentomila euro all\u2019anno, per il successivo quinquennio 2022\/2026, per garantire la piena funzionalit\u00e0 delle apparecchiature. Alla Regione promettono che per la lotta al caporalato ci si affider\u00e0 anche alle immagini catturate dai droni, ma nulla si dice a proposito di altri importanti reati che vengono consumati nelle campagne come furti di prodotti, attrezzature e mezzi agricoli, abigeati o macellazioni clandestine.<\/p>\n<p style=\"text-align: justify;\"><strong>\u201cBene l\u2019iniziativa del Governo Regionale che mette in campo strumenti di controllo contro il caporalato nelle campagne.<\/strong> Gli imprenditori onesti non hanno nulla da temere e il fenomeno va prevenuto e represso con fermezza. Tuttavia, ci sembra oltremodo necessaria una riforma della norma vigente sul caporalato che ha determinato lo spopolamento delle campagne a causa della difficolt\u00e0 delle aziende di sapere se gli alloggi che fornivano erano a rischio\u201d: questo il commento del presidente di Confagricoltura Ragusa, dott. Antonino Pirr\u00e8. Che aggiunge: \u201cAttualmente, anche chi si muove nel solco della legalit\u00e0, se si discosta anche leggermente da uno degli indicatori, rischia di essere punito. C\u2019\u00e8 bisogno di rivedere la legge al fine di contrastare con efficacia lo schiavismo e il non rispetto dei diritti dei lavoratori, ma senza bloccare le imprese oneste con gli stringenti parametri attuali\u201d. Il progetto innovativo in una prima fase interesser\u00e0 le province di Catania e di Ragusa, l\u00ec dove il fenomeno dello sfruttamento a basso costo della manovalanza risulta pi\u00f9 diffuso: si va dalle zone del Calatino all\u2019intera piana etnea, da Patern\u00f2, Belpasso, Caltagirone, Mineo, Palagonia, Scordia, Santa Maria di Licodia, Biancavilla e Adrano ai territori attraversati dalla strada statale 417. Nel Ragusano, invece, l\u2019attivit\u00e0 di video sorveglianza sar\u00e0 messa in campo a Vittoria, Scoglitti, Acate, Comiso, Scicli, Santa Croce Camerina, Marina di Ragusa. Localit\u00e0 e snodi stradali saranno comunque definiti nella fase della progettazione esecutiva.<\/p>\n","protected":false},"excerpt":{"rendered":"<p>La videosorveglianza arriva nelle campagne siciliane e verr\u00e0 utilizzata per combattere il fenomeno del caporalato: a darne notizia il presidente della Regione Nello Musumeci che ha dichiarato: \u00abCos\u00ec entra nella fase operativa il Protocollo d\u2019intesa sottoscritto con il ministero dell\u2019Interno\u00bb. Per la concreta realizzazione del progetto bisogner\u00e0 aspettare i tempi necessari per creare la rete [&hellip;]<\/p>\n","protected":false},"author":34,"featured_media":66554,"comment_status":"open","ping_status":"open","sticky":false,"template":"","format":"standard","meta":{"footnotes":""},"categories":[8],"tags":[],"class_list":["post-66553","post","type-post","status-publish","format-standard","has-post-thumbnail","hentry","category-attualita"],"_links":{"self":[{"href":"https:\/\/www.santacroceweb.com\/index.php\/wp-json\/wp\/v2\/posts\/66553","targetHints":{"allow":["GET"]}}],"collection":[{"href":"https:\/\/www.santacroceweb.com\/index.php\/wp-json\/wp\/v2\/posts"}],"about":[{"href":"https:\/\/www.santacroceweb.com\/index.php\/wp-json\/wp\/v2\/types\/post"}],"author":[{"embeddable":true,"href":"https:\/\/www.santacroceweb.com\/index.php\/wp-json\/wp\/v2\/users\/34"}],"replies":[{"embeddable":true,"href":"https:\/\/www.santacroceweb.com\/index.php\/wp-json\/wp\/v2\/comments?post=66553"}],"version-history":[{"count":0,"href":"https:\/\/www.santacroceweb.com\/index.php\/wp-json\/wp\/v2\/posts\/66553\/revisions"}],"wp:featuredmedia":[{"embeddable":true,"href":"https:\/\/www.santacroceweb.com\/index.php\/wp-json\/wp\/v2\/media\/66554"}],"wp:attachment":[{"href":"https:\/\/www.santacroceweb.com\/index.php\/wp-json\/wp\/v2\/media?parent=66553"}],"wp:term":[{"taxonomy":"category","embeddable":true,"href":"https:\/\/www.santacroceweb.com\/index.php\/wp-json\/wp\/v2\/categories?post=66553"},{"taxonomy":"post_tag","embeddable":true,"href":"https:\/\/www.santacroceweb.com\/index.php\/wp-json\/wp\/v2\/tags?post=66553"}],"curies":[{"name":"wp","href":"https:\/\/api.w.org\/{rel}","templated":true}]}}