{"id":6661,"date":"2013-07-19T09:16:04","date_gmt":"2013-07-19T07:16:04","guid":{"rendered":"http:\/\/www.santacroceweb.com\/giornale1\/?p=6661"},"modified":"2013-07-19T00:23:04","modified_gmt":"2013-07-18T22:23:04","slug":"i-bagni-pubblici-in-centro-disturbano-gli-abitanti-di-punta-secca-scatta-una-raccolta-firme","status":"publish","type":"post","link":"https:\/\/www.santacroceweb.com\/index.php\/2013\/07\/19\/i-bagni-pubblici-in-centro-disturbano-gli-abitanti-di-punta-secca-scatta-una-raccolta-firme\/","title":{"rendered":"I bagni pubblici in centro disturbano gli abitanti di Punta Secca: scatta una raccolta firme"},"content":{"rendered":"<p style=\"text-align: justify;\">Per la stagione estiva in corso, i bagni pubblici sono stati allocati in via Paolo VI, a due passi da piazza Concordia, su indicazione dell&#8217;Amministrazione comunale. Una scelta maturata per venire incontro alle esigenze dei numerosi avventori del centro della borgata a mare di Punta Secca, come hanno avuto modo di chiarire da palazzo di citt\u00e0 nei giorni scorsi. Ma ai residenti della strada centrale della frazione la decisione non piace.\u00a0Con una raccolta di firme gli abitanti di via Paolo VI dicono no ai servizi igienici in questione, non sistemati in quel punto almeno. \u00abNon sono stati nemmeno rispettati i parametri contemplati in casi del genere &#8211; ha commentato il signor Salvatore Barone, uno dei promotori della petizione -. Abbiamo anche chiesto la perizia di un geometra, parere che andr\u00e0 a corredo della raccolta firme, gi\u00e0 trenta in un pomeriggio, che presenteremo a palazzo di citt\u00e0. E non abbiamo chiamato i turisti, che vengono qui solo per qualche settimana e che, magari, non hanno abbastanza elementi per formulare un parere consapevole a riguardo. Al di l\u00e0 dell&#8217;impatto estetico e dei disagi che pu\u00f2 comportare la prossimit\u00e0 di bagni pubblici alle abitazioni, e ad una delle piazzette principali del luogo, vogliamo sottolineare che le distanze dei bagni dalle finestre delle case vicine non sono quei 10 metri previsti in casi di questo tipo ma, bens\u00ec, di 8,50 metri. Lo provano le verifiche dell&#8217;esperto e, questo, lo faremo presente a chi di dovere. Per non parlare dei secchi della spazzatura, sempre allocati in prossimit\u00e0 di questa piazzetta. Di sei solo due sono provvisti di coperchio. Mentre quelli nuovi e dotati di copertura sono posizionati lungo la circonvallazione. Non solo i residenti, ma anche i turisti sono costretti a convivere con uno sgradevole lezzo\u00bb.\u00a0Il comitato ha chiesto a Giovanni Barone, leader del gruppo di opposizione &#8220;Noi ci crediamo&#8221;, di farsi portavoce della questione. \u00abIn pratica &#8211; ha commentato &#8211; hanno creato quella che sembra una vera e propria baraccopoli, proprio all&#8217;ombra del faro. Sicuramente una decisione infelice\u00bb.<\/p>\n<p style=\"text-align: right;\"><strong>Fonte: La Sicilia<\/strong><\/p>\n","protected":false},"excerpt":{"rendered":"<p>Per la stagione estiva in corso, i bagni pubblici sono stati allocati in via Paolo VI, a due passi da piazza Concordia, su indicazione dell&#8217;Amministrazione comunale. Una scelta maturata per venire incontro alle esigenze dei numerosi avventori del centro della borgata a mare di Punta Secca, come hanno avuto modo di chiarire da palazzo di [&hellip;]<\/p>\n","protected":false},"author":34,"featured_media":6662,"comment_status":"open","ping_status":"open","sticky":false,"template":"","format":"standard","meta":{"footnotes":""},"categories":[8,1],"tags":[],"class_list":["post-6661","post","type-post","status-publish","format-standard","has-post-thumbnail","hentry","category-attualita","category-news"],"_links":{"self":[{"href":"https:\/\/www.santacroceweb.com\/index.php\/wp-json\/wp\/v2\/posts\/6661","targetHints":{"allow":["GET"]}}],"collection":[{"href":"https:\/\/www.santacroceweb.com\/index.php\/wp-json\/wp\/v2\/posts"}],"about":[{"href":"https:\/\/www.santacroceweb.com\/index.php\/wp-json\/wp\/v2\/types\/post"}],"author":[{"embeddable":true,"href":"https:\/\/www.santacroceweb.com\/index.php\/wp-json\/wp\/v2\/users\/34"}],"replies":[{"embeddable":true,"href":"https:\/\/www.santacroceweb.com\/index.php\/wp-json\/wp\/v2\/comments?post=6661"}],"version-history":[{"count":0,"href":"https:\/\/www.santacroceweb.com\/index.php\/wp-json\/wp\/v2\/posts\/6661\/revisions"}],"wp:featuredmedia":[{"embeddable":true,"href":"https:\/\/www.santacroceweb.com\/index.php\/wp-json\/wp\/v2\/media\/6662"}],"wp:attachment":[{"href":"https:\/\/www.santacroceweb.com\/index.php\/wp-json\/wp\/v2\/media?parent=6661"}],"wp:term":[{"taxonomy":"category","embeddable":true,"href":"https:\/\/www.santacroceweb.com\/index.php\/wp-json\/wp\/v2\/categories?post=6661"},{"taxonomy":"post_tag","embeddable":true,"href":"https:\/\/www.santacroceweb.com\/index.php\/wp-json\/wp\/v2\/tags?post=6661"}],"curies":[{"name":"wp","href":"https:\/\/api.w.org\/{rel}","templated":true}]}}