{"id":67560,"date":"2019-11-23T18:59:02","date_gmt":"2019-11-23T17:59:02","guid":{"rendered":"http:\/\/www.santacroceweb.com\/giornale1\/?p=67560"},"modified":"2019-11-24T08:55:57","modified_gmt":"2019-11-24T07:55:57","slug":"curare-le-ferite-e-prevenire-la-violenza-un-consiglio-comunale-al-femminile","status":"publish","type":"post","link":"https:\/\/www.santacroceweb.com\/index.php\/2019\/11\/23\/curare-le-ferite-e-prevenire-la-violenza-un-consiglio-comunale-al-femminile\/","title":{"rendered":"Prevenire la violenza e curare le ferite: un Consiglio al femminile"},"content":{"rendered":"<p style=\"text-align: justify;\"><strong>Luned\u00ec 25 ricorre la giornata mondiale<\/strong> contro la violenza sulle donne. Ma il tema \u00e8 entrato a pieno titolo nel Consiglio comunale straordinario che il presidente Piero Mandar\u00e0 aveva convocato stamattina a palazzo di Citt\u00e0, dove si sono alternati vari ospiti: da Angelo Aliqu\u00f2, direttore generale dell&#8217;Asp 7 di Ragusa, a Raffaele Elia, direttore sanitario della medesima azienda, passando per il dottor Biagio Aprile, responsabile aziendale del &#8220;Codice rosa&#8221;. Era assente per altri impegni , invece, l&#8217;assessore regionale alla Salute, Ruggero Razza. La mozione presentata dai 7 consiglieri di maggioranza, con un emendamento aggiuntivo proposto da quelli d&#8217;opposizione (l&#8217;istituzione di una &#8220;stanza rosa&#8221;), \u00e8 stata approvata all&#8217;unanimit\u00e0. All&#8217;inizio della seduta, prima di affrontare la tematica del giorno, il sindaco Giovanni Barone ha risposto a un question time del gruppo &#8220;Liberi di Scegliere&#8221; relativo alla discarica abusiva di contrada Muraglie. Il primo cittadino, sottolineando l&#8217;inopportunit\u00e0 della richiesta, ha fatto notare al capogruppo Luca Agnello che la zona in esame non ricade all&#8217;interno del territorio di Santa Croce. <span style=\"color: #ff0000;\"><strong>GUARDA IL VIDEO (realizzato da Pippo Curiali) e FOTOGALLERY (a cura di Vincenzo Gulino)<\/strong><\/span><\/p>\n<div class=\"jlvid_container \"><iframe title=\"Consiglio comunale straordinario - \u201cLa violenza contro le donne, una priorit\u00e0 sanitaria e sociale\u201d\" width=\"1200\" height=\"675\" src=\"https:\/\/www.youtube.com\/embed\/4wY4xrAg2AI?feature=oembed\" frameborder=\"0\" allow=\"accelerometer; autoplay; clipboard-write; encrypted-media; gyroscope; picture-in-picture; web-share\" referrerpolicy=\"strict-origin-when-cross-origin\" allowfullscreen><\/iframe><\/div>\n<div id='gallery-1' class='gallery galleryid-67560 gallery-columns-3 gallery-size-thumbnail'><figure class='gallery-item'>\n\t\t\t<div class='gallery-icon landscape'>\n\t\t\t\t<a href='https:\/\/www.santacroceweb.com\/index.php\/2019\/11\/23\/curare-le-ferite-e-prevenire-la-violenza-un-consiglio-comunale-al-femminile\/img_5276\/'><img decoding=\"async\" width=\"150\" height=\"150\" src=\"https:\/\/www.santacroceweb.com\/giornale1\/wp-content\/uploads\/2019\/11\/IMG_5276.jpg\" class=\"attachment-thumbnail size-thumbnail jl-lazyload lazyload\" alt=\"\" data-src=\"https:\/\/www.santacroceweb.com\/giornale1\/wp-content\/uploads\/2019\/11\/IMG_5276-150x150.jpg\" \/><\/a>\n\t\t\t<\/div><\/figure><figure class='gallery-item'>\n\t\t\t<div class='gallery-icon landscape'>\n\t\t\t\t<a href='https:\/\/www.santacroceweb.com\/index.php\/2019\/11\/23\/curare-le-ferite-e-prevenire-la-violenza-un-consiglio-comunale-al-femminile\/img_5277\/'><img decoding=\"async\" width=\"150\" height=\"150\" src=\"https:\/\/www.santacroceweb.com\/giornale1\/wp-content\/uploads\/2019\/11\/IMG_5277.jpg\" class=\"attachment-thumbnail size-thumbnail jl-lazyload lazyload\" alt=\"\" data-src=\"https:\/\/www.santacroceweb.com\/giornale1\/wp-content\/uploads\/2019\/11\/IMG_5277-150x150.jpg\" \/><\/a>\n\t\t\t<\/div><\/figure><figure class='gallery-item'>\n\t\t\t<div class='gallery-icon landscape'>\n\t\t\t\t<a href='https:\/\/www.santacroceweb.com\/index.php\/2019\/11\/23\/curare-le-ferite-e-prevenire-la-violenza-un-consiglio-comunale-al-femminile\/img_5278-2\/'><img decoding=\"async\" width=\"150\" height=\"150\" src=\"https:\/\/www.santacroceweb.com\/giornale1\/wp-content\/uploads\/2019\/11\/IMG_5278.jpg\" class=\"attachment-thumbnail size-thumbnail jl-lazyload lazyload\" alt=\"\" data-src=\"https:\/\/www.santacroceweb.com\/giornale1\/wp-content\/uploads\/2019\/11\/IMG_5278-150x150.jpg\" \/><\/a>\n\t\t\t<\/div><\/figure><figure class='gallery-item'>\n\t\t\t<div class='gallery-icon landscape'>\n\t\t\t\t<a href='https:\/\/www.santacroceweb.com\/index.php\/2019\/11\/23\/curare-le-ferite-e-prevenire-la-violenza-un-consiglio-comunale-al-femminile\/img_5280\/'><img loading=\"lazy\" decoding=\"async\" width=\"150\" height=\"150\" src=\"https:\/\/www.santacroceweb.com\/giornale1\/wp-content\/uploads\/2019\/11\/IMG_5280.jpg\" class=\"attachment-thumbnail size-thumbnail jl-lazyload lazyload\" alt=\"\" data-src=\"https:\/\/www.santacroceweb.com\/giornale1\/wp-content\/uploads\/2019\/11\/IMG_5280-150x150.jpg\" \/><\/a>\n\t\t\t<\/div><\/figure><figure class='gallery-item'>\n\t\t\t<div class='gallery-icon landscape'>\n\t\t\t\t<a href='https:\/\/www.santacroceweb.com\/index.php\/2019\/11\/23\/curare-le-ferite-e-prevenire-la-violenza-un-consiglio-comunale-al-femminile\/img_5282-3\/'><img loading=\"lazy\" decoding=\"async\" width=\"150\" height=\"150\" src=\"https:\/\/www.santacroceweb.com\/giornale1\/wp-content\/uploads\/2019\/11\/IMG_5282.jpg\" class=\"attachment-thumbnail size-thumbnail jl-lazyload lazyload\" alt=\"\" data-src=\"https:\/\/www.santacroceweb.com\/giornale1\/wp-content\/uploads\/2019\/11\/IMG_5282-150x150.jpg\" \/><\/a>\n\t\t\t<\/div><\/figure><figure class='gallery-item'>\n\t\t\t<div class='gallery-icon landscape'>\n\t\t\t\t<a href='https:\/\/www.santacroceweb.com\/index.php\/2019\/11\/23\/curare-le-ferite-e-prevenire-la-violenza-un-consiglio-comunale-al-femminile\/img_5283-2\/'><img loading=\"lazy\" decoding=\"async\" width=\"150\" height=\"150\" src=\"https:\/\/www.santacroceweb.com\/giornale1\/wp-content\/uploads\/2019\/11\/IMG_5283.jpg\" class=\"attachment-thumbnail size-thumbnail jl-lazyload lazyload\" alt=\"\" data-src=\"https:\/\/www.santacroceweb.com\/giornale1\/wp-content\/uploads\/2019\/11\/IMG_5283-150x150.jpg\" \/><\/a>\n\t\t\t<\/div><\/figure><figure class='gallery-item'>\n\t\t\t<div class='gallery-icon landscape'>\n\t\t\t\t<a href='https:\/\/www.santacroceweb.com\/index.php\/2019\/11\/23\/curare-le-ferite-e-prevenire-la-violenza-un-consiglio-comunale-al-femminile\/img_5284-2\/'><img loading=\"lazy\" decoding=\"async\" width=\"150\" height=\"150\" src=\"https:\/\/www.santacroceweb.com\/giornale1\/wp-content\/uploads\/2019\/11\/IMG_5284.jpg\" class=\"attachment-thumbnail size-thumbnail jl-lazyload lazyload\" alt=\"\" data-src=\"https:\/\/www.santacroceweb.com\/giornale1\/wp-content\/uploads\/2019\/11\/IMG_5284-150x150.jpg\" \/><\/a>\n\t\t\t<\/div><\/figure><figure class='gallery-item'>\n\t\t\t<div class='gallery-icon landscape'>\n\t\t\t\t<a href='https:\/\/www.santacroceweb.com\/index.php\/2019\/11\/23\/curare-le-ferite-e-prevenire-la-violenza-un-consiglio-comunale-al-femminile\/img_5286\/'><img loading=\"lazy\" decoding=\"async\" width=\"150\" height=\"150\" src=\"https:\/\/www.santacroceweb.com\/giornale1\/wp-content\/uploads\/2019\/11\/IMG_5286.jpg\" class=\"attachment-thumbnail size-thumbnail jl-lazyload lazyload\" alt=\"\" data-src=\"https:\/\/www.santacroceweb.com\/giornale1\/wp-content\/uploads\/2019\/11\/IMG_5286-150x150.jpg\" \/><\/a>\n\t\t\t<\/div><\/figure><figure class='gallery-item'>\n\t\t\t<div class='gallery-icon landscape'>\n\t\t\t\t<a href='https:\/\/www.santacroceweb.com\/index.php\/2019\/11\/23\/curare-le-ferite-e-prevenire-la-violenza-un-consiglio-comunale-al-femminile\/img_5287\/'><img loading=\"lazy\" decoding=\"async\" width=\"150\" height=\"150\" src=\"https:\/\/www.santacroceweb.com\/giornale1\/wp-content\/uploads\/2019\/11\/IMG_5287.jpg\" class=\"attachment-thumbnail size-thumbnail jl-lazyload lazyload\" alt=\"\" data-src=\"https:\/\/www.santacroceweb.com\/giornale1\/wp-content\/uploads\/2019\/11\/IMG_5287-150x150.jpg\" \/><\/a>\n\t\t\t<\/div><\/figure><figure class='gallery-item'>\n\t\t\t<div class='gallery-icon landscape'>\n\t\t\t\t<a href='https:\/\/www.santacroceweb.com\/index.php\/2019\/11\/23\/curare-le-ferite-e-prevenire-la-violenza-un-consiglio-comunale-al-femminile\/img_5292\/'><img loading=\"lazy\" decoding=\"async\" width=\"150\" height=\"150\" src=\"https:\/\/www.santacroceweb.com\/giornale1\/wp-content\/uploads\/2019\/11\/IMG_5292.jpg\" class=\"attachment-thumbnail size-thumbnail jl-lazyload lazyload\" alt=\"\" data-src=\"https:\/\/www.santacroceweb.com\/giornale1\/wp-content\/uploads\/2019\/11\/IMG_5292-150x150.jpg\" \/><\/a>\n\t\t\t<\/div><\/figure><figure class='gallery-item'>\n\t\t\t<div class='gallery-icon landscape'>\n\t\t\t\t<a href='https:\/\/www.santacroceweb.com\/index.php\/2019\/11\/23\/curare-le-ferite-e-prevenire-la-violenza-un-consiglio-comunale-al-femminile\/img_5293\/'><img loading=\"lazy\" decoding=\"async\" width=\"150\" height=\"150\" src=\"https:\/\/www.santacroceweb.com\/giornale1\/wp-content\/uploads\/2019\/11\/IMG_5293.jpg\" class=\"attachment-thumbnail size-thumbnail jl-lazyload lazyload\" alt=\"\" data-src=\"https:\/\/www.santacroceweb.com\/giornale1\/wp-content\/uploads\/2019\/11\/IMG_5293-150x150.jpg\" \/><\/a>\n\t\t\t<\/div><\/figure><figure class='gallery-item'>\n\t\t\t<div class='gallery-icon landscape'>\n\t\t\t\t<a href='https:\/\/www.santacroceweb.com\/index.php\/2019\/11\/23\/curare-le-ferite-e-prevenire-la-violenza-un-consiglio-comunale-al-femminile\/img_5295\/'><img loading=\"lazy\" decoding=\"async\" width=\"150\" height=\"150\" src=\"https:\/\/www.santacroceweb.com\/giornale1\/wp-content\/uploads\/2019\/11\/IMG_5295.jpg\" class=\"attachment-thumbnail size-thumbnail jl-lazyload lazyload\" alt=\"\" data-src=\"https:\/\/www.santacroceweb.com\/giornale1\/wp-content\/uploads\/2019\/11\/IMG_5295-150x150.jpg\" \/><\/a>\n\t\t\t<\/div><\/figure><figure class='gallery-item'>\n\t\t\t<div class='gallery-icon landscape'>\n\t\t\t\t<a href='https:\/\/www.santacroceweb.com\/index.php\/2019\/11\/23\/curare-le-ferite-e-prevenire-la-violenza-un-consiglio-comunale-al-femminile\/img_5296\/'><img loading=\"lazy\" decoding=\"async\" width=\"150\" height=\"150\" src=\"https:\/\/www.santacroceweb.com\/giornale1\/wp-content\/uploads\/2019\/11\/IMG_5296.jpg\" class=\"attachment-thumbnail size-thumbnail jl-lazyload lazyload\" alt=\"\" data-src=\"https:\/\/www.santacroceweb.com\/giornale1\/wp-content\/uploads\/2019\/11\/IMG_5296-150x150.jpg\" \/><\/a>\n\t\t\t<\/div><\/figure><figure class='gallery-item'>\n\t\t\t<div class='gallery-icon landscape'>\n\t\t\t\t<a href='https:\/\/www.santacroceweb.com\/index.php\/2019\/11\/23\/curare-le-ferite-e-prevenire-la-violenza-un-consiglio-comunale-al-femminile\/img_5297-2\/'><img loading=\"lazy\" decoding=\"async\" width=\"150\" height=\"150\" src=\"https:\/\/www.santacroceweb.com\/giornale1\/wp-content\/uploads\/2019\/11\/IMG_5297.jpg\" class=\"attachment-thumbnail size-thumbnail jl-lazyload lazyload\" alt=\"\" data-src=\"https:\/\/www.santacroceweb.com\/giornale1\/wp-content\/uploads\/2019\/11\/IMG_5297-150x150.jpg\" \/><\/a>\n\t\t\t<\/div><\/figure>\n\t\t<\/div>\n\n","protected":false},"excerpt":{"rendered":"<p>Luned\u00ec 25 ricorre la giornata mondiale contro la violenza sulle donne. Ma il tema \u00e8 entrato a pieno titolo nel Consiglio comunale straordinario che il presidente Piero Mandar\u00e0 aveva convocato stamattina a palazzo di Citt\u00e0, dove si sono alternati vari ospiti: da Angelo Aliqu\u00f2, direttore generale dell&#8217;Asp 7 di Ragusa, a Raffaele Elia, direttore sanitario [&hellip;]<\/p>\n","protected":false},"author":34,"featured_media":67563,"comment_status":"open","ping_status":"open","sticky":false,"template":"","format":"gallery","meta":{"footnotes":""},"categories":[4,11],"tags":[],"class_list":["post-67560","post","type-post","status-publish","format-gallery","has-post-thumbnail","hentry","category-politica","category-primopiano","post_format-post-format-gallery"],"_links":{"self":[{"href":"https:\/\/www.santacroceweb.com\/index.php\/wp-json\/wp\/v2\/posts\/67560","targetHints":{"allow":["GET"]}}],"collection":[{"href":"https:\/\/www.santacroceweb.com\/index.php\/wp-json\/wp\/v2\/posts"}],"about":[{"href":"https:\/\/www.santacroceweb.com\/index.php\/wp-json\/wp\/v2\/types\/post"}],"author":[{"embeddable":true,"href":"https:\/\/www.santacroceweb.com\/index.php\/wp-json\/wp\/v2\/users\/34"}],"replies":[{"embeddable":true,"href":"https:\/\/www.santacroceweb.com\/index.php\/wp-json\/wp\/v2\/comments?post=67560"}],"version-history":[{"count":0,"href":"https:\/\/www.santacroceweb.com\/index.php\/wp-json\/wp\/v2\/posts\/67560\/revisions"}],"wp:featuredmedia":[{"embeddable":true,"href":"https:\/\/www.santacroceweb.com\/index.php\/wp-json\/wp\/v2\/media\/67563"}],"wp:attachment":[{"href":"https:\/\/www.santacroceweb.com\/index.php\/wp-json\/wp\/v2\/media?parent=67560"}],"wp:term":[{"taxonomy":"category","embeddable":true,"href":"https:\/\/www.santacroceweb.com\/index.php\/wp-json\/wp\/v2\/categories?post=67560"},{"taxonomy":"post_tag","embeddable":true,"href":"https:\/\/www.santacroceweb.com\/index.php\/wp-json\/wp\/v2\/tags?post=67560"}],"curies":[{"name":"wp","href":"https:\/\/api.w.org\/{rel}","templated":true}]}}