{"id":67736,"date":"2019-12-07T09:08:08","date_gmt":"2019-12-07T08:08:08","guid":{"rendered":"http:\/\/www.santacroceweb.com\/giornale1\/?p=67736"},"modified":"2019-12-07T09:15:25","modified_gmt":"2019-12-07T08:15:25","slug":"smaltimento-plastiche-dismesse-fare-ambiente-chiede-tavolo-urgente","status":"publish","type":"post","link":"https:\/\/www.santacroceweb.com\/index.php\/2019\/12\/07\/smaltimento-plastiche-dismesse-fare-ambiente-chiede-tavolo-urgente\/","title":{"rendered":"Smaltimento plastiche dismesse, Fare Ambiente chiede tavolo urgente"},"content":{"rendered":"<p style=\"text-align: justify;\"><strong>&#8220;Sicuramente \u00e8 legittima e non pi\u00f9 rinviabile<\/strong>, la richiesta della deputata regionale del Movimento 5 Stelle Stefania Campo, agli assessori regionali al Territorio e Ambiente, Cordaro, all&#8217;Agricoltura, Bandiera e all&#8217;Energia, Pierobon,\u00a0 nonch\u00e9 ai sindaci dei comuni interessati, di istituire un tavolo tecnico dedicato allo smaltimento delle plastiche speciali dismesse dalle aziende agricole e alle numerose problematiche ambientali connesse&#8221; Lo scrive la sezione provinciale di Fare Ambiente. &#8220;Salvaguardare le coste ragusane dall&#8217;abbandono indiscriminato di plastica,\u00a0 polistirolo e scarti provenienti dalle attivit\u00e0 agricole, \u00e8 diventata un&#8217;emergenza ambientale non pi\u00f9 prorogabile, del resto FareAmbiente da decenni denuncia gli illeciti, soprattutto penali, di chi senza nessun rispetto delle normative vigenti preferisce delinquere, anzich\u00e9 provare ad utilizzare registri di carico e scarico per poi conferire nei punti di raccolta autorizzati. Oggi &#8211; spiega il coordinatore provinciale Salvatore Mandar\u00e0 &#8211; \u00e8 importante e\u00a0 fondamentale la difesa di un territorio invaso da quelle plastiche non riciclabili,\u00a0 oggetto di fumarole, specialmente nel periodo estivo, oppure scaricate in ogni angolo di contrade e di &#8220;trazzere&#8221; e persino in strade provinciali quali la sp 20 Santa\u00a0 Croce &#8211; Comiso e Vittoria. Una discarica diventata un brutto biglietto da visita turistico per chi vuole raggiungere i luoghi di Montalbano.\u00a0 Anche noi cos\u00ec come l&#8217;on. Campo siamo convinti che non si pu\u00f2 pi\u00f9 aspettare e che bisogna trovare soluzioni rapide, concrete e fattive per bonificare. E nel contempo attraverso azioni di repressione con la polizia provinciale, salvaguardare le aree. Mi permetto, e senza alcuna polemica, ma forse per dimenticanza &#8211; conclude Mandar\u00e0 rivolgendosi alla Campo &#8211; di inserire nei comuni della cosiddetta fascia trasformata oltre alla maglia nera di contrada Macconi ad Acate e poi Scicli, Santa Croce Camerina, Vittoria e Comiso, anche il comune di Ragusa di cui l&#8217;onorevole \u00e8 stata amministratore, sapendo che da Cammarana, passando per Randello per arrivare a Punta Braccetto, il comune capoluogo di provincia, detiene decine di chilometri quadrati di insediamenti serricoli&#8221;.<\/p>\n","protected":false},"excerpt":{"rendered":"<p>&#8220;Sicuramente \u00e8 legittima e non pi\u00f9 rinviabile, la richiesta della deputata regionale del Movimento 5 Stelle Stefania Campo, agli assessori regionali al Territorio e Ambiente, Cordaro, all&#8217;Agricoltura, Bandiera e all&#8217;Energia, Pierobon,\u00a0 nonch\u00e9 ai sindaci dei comuni interessati, di istituire un tavolo tecnico dedicato allo smaltimento delle plastiche speciali dismesse dalle aziende agricole e alle numerose [&hellip;]<\/p>\n","protected":false},"author":34,"featured_media":67737,"comment_status":"open","ping_status":"open","sticky":false,"template":"","format":"standard","meta":{"footnotes":""},"categories":[8],"tags":[],"class_list":["post-67736","post","type-post","status-publish","format-standard","has-post-thumbnail","hentry","category-attualita"],"_links":{"self":[{"href":"https:\/\/www.santacroceweb.com\/index.php\/wp-json\/wp\/v2\/posts\/67736","targetHints":{"allow":["GET"]}}],"collection":[{"href":"https:\/\/www.santacroceweb.com\/index.php\/wp-json\/wp\/v2\/posts"}],"about":[{"href":"https:\/\/www.santacroceweb.com\/index.php\/wp-json\/wp\/v2\/types\/post"}],"author":[{"embeddable":true,"href":"https:\/\/www.santacroceweb.com\/index.php\/wp-json\/wp\/v2\/users\/34"}],"replies":[{"embeddable":true,"href":"https:\/\/www.santacroceweb.com\/index.php\/wp-json\/wp\/v2\/comments?post=67736"}],"version-history":[{"count":0,"href":"https:\/\/www.santacroceweb.com\/index.php\/wp-json\/wp\/v2\/posts\/67736\/revisions"}],"wp:featuredmedia":[{"embeddable":true,"href":"https:\/\/www.santacroceweb.com\/index.php\/wp-json\/wp\/v2\/media\/67737"}],"wp:attachment":[{"href":"https:\/\/www.santacroceweb.com\/index.php\/wp-json\/wp\/v2\/media?parent=67736"}],"wp:term":[{"taxonomy":"category","embeddable":true,"href":"https:\/\/www.santacroceweb.com\/index.php\/wp-json\/wp\/v2\/categories?post=67736"},{"taxonomy":"post_tag","embeddable":true,"href":"https:\/\/www.santacroceweb.com\/index.php\/wp-json\/wp\/v2\/tags?post=67736"}],"curies":[{"name":"wp","href":"https:\/\/api.w.org\/{rel}","templated":true}]}}