{"id":67842,"date":"2019-12-10T10:58:58","date_gmt":"2019-12-10T09:58:58","guid":{"rendered":"http:\/\/www.santacroceweb.com\/giornale1\/?p=67842"},"modified":"2019-12-10T10:59:26","modified_gmt":"2019-12-10T09:59:26","slug":"la-ragusa-catania-si-fara-m5s-cancelleri-ha-mantenuto-gli-impegni","status":"publish","type":"post","link":"https:\/\/www.santacroceweb.com\/index.php\/2019\/12\/10\/la-ragusa-catania-si-fara-m5s-cancelleri-ha-mantenuto-gli-impegni\/","title":{"rendered":"La Ragusa-Catania si far\u00e0. M5s: &#8220;Governo ha mantenuto gli impegni&#8221;"},"content":{"rendered":"<p style=\"text-align: justify;\"><strong>\u201cNon avevamo dubbi.<\/strong> L\u2019impegno del vice ministro Cancelleri \u00e8 stato sempre improntato sulla concretezza. Nessuna promessa e nessuna fuga in avanti, solo lavoro senza sosta. Fondamentale, inoltre, la grande capacit\u00e0 di coinvolgere in questo percorso anche quei sindaci che si erano mostrati riottosi e sfiduciati fin dall\u2019inizio. Andiamo avanti cos\u00ec e fra dieci giorni chiuderemo uno dei capitoli pi\u00f9 importanti del nostro territorio. Quanto stabilito oggi testimonia la grande attenzione del governo Conte per il nostro Mezzogiorno. Se riparte economicamente il sud e la Sicilia riparte l&#8217;Italia. Morale, la strada si far\u00e0, sar\u00e0 totalmente pubblica, senza pedaggio e sar\u00e0 un fiore all\u2019occhiello del sistema infrastrutturale nazionale. Quanto stabilito nel corso del Pre Cipe di ieri \u00e8 un passo storico\u201d. A dichiararlo sono i deputati del Catanese del Movimento 5 Stelle all\u2019Ars Francesco Cappello, Jose Marano, Angela Foti e Gianina Ciancio, i portavoce siracusani Giorgio Pasqua Stefano Zito e la deputata ragusana Stefania Campo a proposito dell\u2019intesa raggiunta a Roma al Pre Cipe, il Comitato interministeriale per la programmazione economica (CIPE) riunito ieri pomeriggio in sessione preparatoria a Roma a Palazzo Chigi nella quale \u00e8 emerso che sono tutti presenti le condizioni per la delibera definitiva che avverr\u00e0 il 19 dicembre 2019. <strong>Anche se dalla Regione lasciano trasparire qualche perplessit\u00e0 sui 390 milioni che il governo ha chiesto in &#8220;prestito&#8221; a Palermo (oltre ai 217 gi\u00e0 stanziati in partenza) per la realizzazione dell&#8217;opera.\u00a0\u00a0<\/strong><\/p>\n","protected":false},"excerpt":{"rendered":"<p>\u201cNon avevamo dubbi. L\u2019impegno del vice ministro Cancelleri \u00e8 stato sempre improntato sulla concretezza. Nessuna promessa e nessuna fuga in avanti, solo lavoro senza sosta. Fondamentale, inoltre, la grande capacit\u00e0 di coinvolgere in questo percorso anche quei sindaci che si erano mostrati riottosi e sfiduciati fin dall\u2019inizio. Andiamo avanti cos\u00ec e fra dieci giorni chiuderemo [&hellip;]<\/p>\n","protected":false},"author":34,"featured_media":67843,"comment_status":"open","ping_status":"open","sticky":false,"template":"","format":"standard","meta":{"footnotes":""},"categories":[22],"tags":[],"class_list":["post-67842","post","type-post","status-publish","format-standard","has-post-thumbnail","hentry","category-provincia"],"_links":{"self":[{"href":"https:\/\/www.santacroceweb.com\/index.php\/wp-json\/wp\/v2\/posts\/67842","targetHints":{"allow":["GET"]}}],"collection":[{"href":"https:\/\/www.santacroceweb.com\/index.php\/wp-json\/wp\/v2\/posts"}],"about":[{"href":"https:\/\/www.santacroceweb.com\/index.php\/wp-json\/wp\/v2\/types\/post"}],"author":[{"embeddable":true,"href":"https:\/\/www.santacroceweb.com\/index.php\/wp-json\/wp\/v2\/users\/34"}],"replies":[{"embeddable":true,"href":"https:\/\/www.santacroceweb.com\/index.php\/wp-json\/wp\/v2\/comments?post=67842"}],"version-history":[{"count":0,"href":"https:\/\/www.santacroceweb.com\/index.php\/wp-json\/wp\/v2\/posts\/67842\/revisions"}],"wp:featuredmedia":[{"embeddable":true,"href":"https:\/\/www.santacroceweb.com\/index.php\/wp-json\/wp\/v2\/media\/67843"}],"wp:attachment":[{"href":"https:\/\/www.santacroceweb.com\/index.php\/wp-json\/wp\/v2\/media?parent=67842"}],"wp:term":[{"taxonomy":"category","embeddable":true,"href":"https:\/\/www.santacroceweb.com\/index.php\/wp-json\/wp\/v2\/categories?post=67842"},{"taxonomy":"post_tag","embeddable":true,"href":"https:\/\/www.santacroceweb.com\/index.php\/wp-json\/wp\/v2\/tags?post=67842"}],"curies":[{"name":"wp","href":"https:\/\/api.w.org\/{rel}","templated":true}]}}