{"id":67896,"date":"2019-12-13T10:20:38","date_gmt":"2019-12-13T09:20:38","guid":{"rendered":"http:\/\/www.santacroceweb.com\/giornale1\/?p=67896"},"modified":"2019-12-13T10:20:38","modified_gmt":"2019-12-13T09:20:38","slug":"calcio-porte-girevoli-al-santa-croce-due-nuovi-arrivi-saluta-sene-pape","status":"publish","type":"post","link":"https:\/\/www.santacroceweb.com\/index.php\/2019\/12\/13\/calcio-porte-girevoli-al-santa-croce-due-nuovi-arrivi-saluta-sene-pape\/","title":{"rendered":"Calcio, porte girevoli al Santa Croce. Due nuovi arrivi, saluta Sene Pape"},"content":{"rendered":"<p style=\"text-align: justify;\"><strong>Il Santa Croce ritorna a giocare fra le mura amiche<\/strong> per affrontare il Citt\u00e0 di Sant\u2019Agata, che ambisce seriamente al salto di categoria. La gara valevole per la quattordicesima giornata del campionato di Eccellenza sar\u00e0 per i biancazzurri l\u2019ultima in casa del 2019 e corrisponder\u00e0 al concedo di un\u2019annata ricca di soddisfazioni per la societ\u00e0 santacrocese. La squadra di mister Lucenti, dopo la rocambolesca sconfitta contro il Carlentini, cercher\u00e0 di chiudere al meglio l\u2019anno per regalare una bella soddisfazione ai tifosi che certamente assieperanno le tribune del vecchio Kennedy. Il compito non \u00e8 dei pi\u00f9 facili, ma il gruppo biancazzurro ci tiene a far bene, soprattutto in casa, e vuole fortemente cancellare la delusione di sette giorni fa.<\/p>\n<p style=\"text-align: justify;\"><strong>In settimana il Santa Croce ha subito notevoli cambiamenti<\/strong> con la partenza del forte centrocampista Ibrahima Sene Pape, trasferitosi in una squadra di serie D laziale, e l\u2019arrivo di due giovani talentuosi. Alla corte di Gaetano Lucenti sono, infatti, approdati il centrocampista messinese Cristian Ferra\u00f9, classe 1998, trasferitosi dalla Sancataldese, ma con esperienze in serie D con il Citt\u00e0 di Messina, e il difensore Vincenzo Blandino, classe 1999, che ha iniziato la stagione nelle fila del Modica in Promozione. Il tecnico del \u201cCigno\u201d potr\u00e0 contare sulla loro presenza nella gara contro il Sant\u2019Agata, ma dovr\u00e0 rinunciare al difensore Ricardo Stechina, uscito infortunato dalla gara contro il Carlentini. Rientrer\u00e0 fra i ranghi, invece, il difensore Giuseppe Sferrazza che ha scontato la squalifica e verosimilmente andr\u00e0 a fare coppia con capitan Tot\u00f2 Ravalli a meno di cambiamenti dell\u2019ultima ora.<\/p>\n<p style=\"text-align: justify;\"><strong>Lucenti, infatti, \u00e8 ancora indeciso su come schierare<\/strong> la sua squadra e vuole essere cauto fino agli ultimi minuti prima del calcio d\u2019inizio. D\u2019altronde il tecnico ibleo ha tutte le ragioni di questo mondo, giacch\u00e9 di fronte si trover\u00e0 un\u2019autentica corazzata allenata da mister Pasquale Ferrara che annovera calciatori che per la categoria sono un vero lusso. Fra tutti il \u201cPallone d\u2019oro\u201d siciliano Benny Iraci che insieme ai vari Tiscione, Assenzio, Concialdi, D\u2019Angelo e a una truppa di giovani talenti, rappresentano una vera macchina da guerra. \u201cGiocheremo contro una delle grandi del campionato &#8211; dice il ds Claudio Agnello \u2013 con il dovuto rispetto, ma senza timori. Abbiamo avuto cambiamenti in settimana, sia in uscita, sia in entrata, ma abbiamo fatto attenzione a cercare di non variare gli equilibri della squadra. \u00c8 partito un giocatore forte, ma sono arrivati due giovani di talento su cui puntiamo tanto e sono certo che non deluderanno le nostre attese. L\u2019arrivo di Ferra\u00f9 e di Blandino conferma la nostra tendenza a puntare sui giovani che a mio parere rappresenta il futuro per societ\u00e0 come la nostra che non hanno budget stratosferici. La squadra finora ha fatto bene e puntiamo a chiudere bene l\u2019anno magari con una buona prestazione che dia soddisfazione ai nostri tifosi\u201d. La gara si giocher\u00e0 domenica pomeriggio al \u201cJ.F. Kennedy\u201d con inizio alle ore 14.30. A dirigere sar\u00e0 il signor Angelo Gulisano della sezione di Acireale che sar\u00e0 collaborato dai signori Testa\u00ec di Catania e Blanco di Acireale<\/p>\n","protected":false},"excerpt":{"rendered":"<p>Il Santa Croce ritorna a giocare fra le mura amiche per affrontare il Citt\u00e0 di Sant\u2019Agata, che ambisce seriamente al salto di categoria. La gara valevole per la quattordicesima giornata del campionato di Eccellenza sar\u00e0 per i biancazzurri l\u2019ultima in casa del 2019 e corrisponder\u00e0 al concedo di un\u2019annata ricca di soddisfazioni per la societ\u00e0 [&hellip;]<\/p>\n","protected":false},"author":34,"featured_media":67897,"comment_status":"open","ping_status":"open","sticky":false,"template":"","format":"standard","meta":{"footnotes":""},"categories":[3],"tags":[],"class_list":["post-67896","post","type-post","status-publish","format-standard","has-post-thumbnail","hentry","category-sport"],"_links":{"self":[{"href":"https:\/\/www.santacroceweb.com\/index.php\/wp-json\/wp\/v2\/posts\/67896","targetHints":{"allow":["GET"]}}],"collection":[{"href":"https:\/\/www.santacroceweb.com\/index.php\/wp-json\/wp\/v2\/posts"}],"about":[{"href":"https:\/\/www.santacroceweb.com\/index.php\/wp-json\/wp\/v2\/types\/post"}],"author":[{"embeddable":true,"href":"https:\/\/www.santacroceweb.com\/index.php\/wp-json\/wp\/v2\/users\/34"}],"replies":[{"embeddable":true,"href":"https:\/\/www.santacroceweb.com\/index.php\/wp-json\/wp\/v2\/comments?post=67896"}],"version-history":[{"count":0,"href":"https:\/\/www.santacroceweb.com\/index.php\/wp-json\/wp\/v2\/posts\/67896\/revisions"}],"wp:featuredmedia":[{"embeddable":true,"href":"https:\/\/www.santacroceweb.com\/index.php\/wp-json\/wp\/v2\/media\/67897"}],"wp:attachment":[{"href":"https:\/\/www.santacroceweb.com\/index.php\/wp-json\/wp\/v2\/media?parent=67896"}],"wp:term":[{"taxonomy":"category","embeddable":true,"href":"https:\/\/www.santacroceweb.com\/index.php\/wp-json\/wp\/v2\/categories?post=67896"},{"taxonomy":"post_tag","embeddable":true,"href":"https:\/\/www.santacroceweb.com\/index.php\/wp-json\/wp\/v2\/tags?post=67896"}],"curies":[{"name":"wp","href":"https:\/\/api.w.org\/{rel}","templated":true}]}}