{"id":67914,"date":"2019-12-14T10:44:05","date_gmt":"2019-12-14T09:44:05","guid":{"rendered":"http:\/\/www.santacroceweb.com\/giornale1\/?p=67914"},"modified":"2019-12-14T12:49:16","modified_gmt":"2019-12-14T11:49:16","slug":"la-raccolta-dei-rifiuti-si-ferma-lavoratori-in-piazza-senza-stipendio-da-mesi","status":"publish","type":"post","link":"https:\/\/www.santacroceweb.com\/index.php\/2019\/12\/14\/la-raccolta-dei-rifiuti-si-ferma-lavoratori-in-piazza-senza-stipendio-da-mesi\/","title":{"rendered":"Rifiuti, si blocca tutto. Lavoratori in piazza: &#8220;Senza stipendio da mesi&#8221;"},"content":{"rendered":"<p style=\"text-align: justify;\"><strong>Ventisei famiglie sull\u2019orlo della crisi alla vigilia di Natale.<\/strong> Sono quelle degli operatori ecologici della ditta Ecoseib, che gestisce il servizio di raccolta e conferimento dei rifiuti nel comune di Santa Croce Camerina. <span style=\"text-decoration: underline;\"><a href=\"https:\/\/www.santacroceweb.com\/giornale1\/index.php\/2019\/12\/11\/il-natale-al-verde-degli-operatori-ecologici-indetto-sciopero-per-sabato\/\">Oggi la differenziata porta a porta si \u00e8 fermata.<\/a><\/span> I lavoratori si sono radunati in piazza Vittorio Emanuele II, gi\u00e0 dalle prime ore del mattino, per un sit-in di protesta. I dipendenti della Ecoseib vantano tre mesi di arretrato (pi\u00f9 la tredicesima). &#8220;Qui si rischia di perdere la dignit\u00e0. Entro Natale vorremmo ricevere lo sblocco di due settimane per risollevarci un po&#8217;. &#8211; spiega Giovanni Zisa, uno dei portavoce &#8211; Siamo in piazza per far capire ai cittadini quello che stiamo passando&#8221;. Ma chi paga?<\/p>\n<p><iframe src=\"https:\/\/www.youtube.com\/embed\/G-rpppgE8jg\" width=\"560\" height=\"315\" frameborder=\"0\" allowfullscreen=\"allowfullscreen\"><\/iframe><\/p>\n<p style=\"text-align: justify;\"><strong>E\u2019 proprio questo il problema sollevato dallo Snalv,<\/strong> il sindacato rappresentato da Antonio Santonocito e Finella Mazza, che si \u00e8 confrontato col sindaco Giovanni Barone. Il quale ha evidenziato le difficolt\u00e0 di cassa dell\u2019Ente: \u201cNei giorni scorsi abbiamo provveduto al pagamento di oltre 100 mila euro per il saldo di una mensilit\u00e0 \u2013 ha detto Barone -. Si tratta di un acconto, ne siamo consapevoli. Ma \u00e8 il massimo che siamo riusciti a fare in attesa delle prossime entrate, tra cui l\u2019Imu. Pensate che il sindaco non voglia pagare gli stipendi a questi ragazzi che in estate hanno salvato l\u2019intera collettivit\u00e0 dall\u2019emergenza rifiuti? Il problema \u00e8 che non abbiamo liquidit\u00e0. Per dare i soldi all\u2019Ecoseib, ho dovuto rinviare il pagamento della tredicesima ai dipendenti comunali\u201d. <strong>Anche se il rappresentante legale e amministratore unico della Ecoseib, dott. Raffaele Rizza, a Santa Croce Web smentisce di aver ricevuto alla data di oggi, 14 dicembre, un solo euro. <\/strong><\/p>\n<p style=\"text-align: justify;\"><strong>Lo Snalv, invece, ha contestato la mancata convocazione<\/strong> di un tavolo tecnico con l\u2019Amministrazione, alla presenza della ditta, per studiare le possibili soluzioni. Pur nella consapevolezza che la Ecoseib, gestita dalla famiglia Busso, abbia gi\u00e0 anticipato un paio di mensilit\u00e0 nonostante una massa creditizia di 540 mila euro nei confronti del Comune (che con l\u2019ultimo acconto, ridimensionerebbe a poco pi\u00f9 di 400 mila). I lavoratori si attendono un segnale o sono pronti a incrociare le braccia gi\u00e0 il 7 e l\u20198 gennaio, al rientro delle Feste.<\/p>\n<p><img fetchpriority=\"high\" decoding=\"async\" class=\"alignnone size-full wp-image-67915 lazyload\" src=\"data:image\/gif;base64,R0lGODlhAQABAAAAACH5BAEKAAEALAAAAAABAAEAAAICTAEAOw==\" data-src=\"https:\/\/www.santacroceweb.com\/giornale1\/wp-content\/uploads\/2019\/12\/eco2.jpg\" alt=\"\" width=\"820\" height=\"469\" data-sizes=\"auto\" data-srcset=\"https:\/\/www.santacroceweb.com\/giornale1\/wp-content\/uploads\/2019\/12\/eco2.jpg 820w, https:\/\/www.santacroceweb.com\/giornale1\/wp-content\/uploads\/2019\/12\/eco2-300x172.jpg 300w, https:\/\/www.santacroceweb.com\/giornale1\/wp-content\/uploads\/2019\/12\/eco2-768x439.jpg 768w, https:\/\/www.santacroceweb.com\/giornale1\/wp-content\/uploads\/2019\/12\/eco2-750x430.jpg 750w\" sizes=\"(max-width: 820px) 100vw, 820px\" \/><\/p>\n","protected":false},"excerpt":{"rendered":"<p>Ventisei famiglie sull\u2019orlo della crisi alla vigilia di Natale. Sono quelle degli operatori ecologici della ditta Ecoseib, che gestisce il servizio di raccolta e conferimento dei rifiuti nel comune di Santa Croce Camerina. Oggi la differenziata porta a porta si \u00e8 fermata. I lavoratori si sono radunati in piazza Vittorio Emanuele II, gi\u00e0 dalle prime [&hellip;]<\/p>\n","protected":false},"author":11,"featured_media":67916,"comment_status":"open","ping_status":"open","sticky":false,"template":"","format":"video","meta":{"footnotes":""},"categories":[8,11],"tags":[],"class_list":["post-67914","post","type-post","status-publish","format-video","has-post-thumbnail","hentry","category-attualita","category-primopiano","post_format-post-format-video"],"_links":{"self":[{"href":"https:\/\/www.santacroceweb.com\/index.php\/wp-json\/wp\/v2\/posts\/67914","targetHints":{"allow":["GET"]}}],"collection":[{"href":"https:\/\/www.santacroceweb.com\/index.php\/wp-json\/wp\/v2\/posts"}],"about":[{"href":"https:\/\/www.santacroceweb.com\/index.php\/wp-json\/wp\/v2\/types\/post"}],"author":[{"embeddable":true,"href":"https:\/\/www.santacroceweb.com\/index.php\/wp-json\/wp\/v2\/users\/11"}],"replies":[{"embeddable":true,"href":"https:\/\/www.santacroceweb.com\/index.php\/wp-json\/wp\/v2\/comments?post=67914"}],"version-history":[{"count":0,"href":"https:\/\/www.santacroceweb.com\/index.php\/wp-json\/wp\/v2\/posts\/67914\/revisions"}],"wp:featuredmedia":[{"embeddable":true,"href":"https:\/\/www.santacroceweb.com\/index.php\/wp-json\/wp\/v2\/media\/67916"}],"wp:attachment":[{"href":"https:\/\/www.santacroceweb.com\/index.php\/wp-json\/wp\/v2\/media?parent=67914"}],"wp:term":[{"taxonomy":"category","embeddable":true,"href":"https:\/\/www.santacroceweb.com\/index.php\/wp-json\/wp\/v2\/categories?post=67914"},{"taxonomy":"post_tag","embeddable":true,"href":"https:\/\/www.santacroceweb.com\/index.php\/wp-json\/wp\/v2\/tags?post=67914"}],"curies":[{"name":"wp","href":"https:\/\/api.w.org\/{rel}","templated":true}]}}