{"id":68033,"date":"2019-12-22T08:10:11","date_gmt":"2019-12-22T07:10:11","guid":{"rendered":"http:\/\/www.santacroceweb.com\/giornale1\/?p=68033"},"modified":"2019-12-22T10:11:21","modified_gmt":"2019-12-22T09:11:21","slug":"gli-eventi-di-natale-in-biblioteca-questa-sera-il-karaoke-di-giovanni-zisa","status":"publish","type":"post","link":"https:\/\/www.santacroceweb.com\/index.php\/2019\/12\/22\/gli-eventi-di-natale-in-biblioteca-questa-sera-il-karaoke-di-giovanni-zisa\/","title":{"rendered":"Gli eventi di Natale in biblioteca. Stasera il karaoke di Giovanni Zisa"},"content":{"rendered":"<p style=\"text-align: justify;\"><strong>Si avvicina il Natale e in Biblioteca<\/strong> \u00e8 ancora pi\u00f9 magico dopo la terza settimana di iniziative rivolte ai bambini. L&#8217;amministrazione comunale \u00e8 soddisfatta per aver ricevuto tanti sorrisi e la partecipazione di intere famiglie che credono nei valori del Santo Natale, ma anche nelle luci, nelle magie, nelle fantasie e nei racconti sull&#8217;esistenza di Babbo Natale. Il programma \u00e8 iniziato, cos\u00ec come da tradizione, venerd\u00ec 7 dicembre con la preparazione e l&#8217;addobbo dell&#8217;albero, per poi continuare l&#8217;8 con l&#8217;associazione Arcana e il gruppo degli Elfi. Sabato 14 e domenica 15 sono state le giornate dedicate all&#8217;Unicef, ma soprattutto ai bambini, con la preparazione di giocattoli, che da sempre sono portatori di sorrisi e felicit\u00e0. Ed ancora gioved\u00ec 19 il gruppo Elfi, l&#8217;associazione Arcana, l&#8217;Enpa sezione di Santa Croce Camerina e il Comune di Santa Croce Camerina hanno organizzato un pomeriggio di sensibilizzazione con i bambini nei confronti dei nostri amici animali. Domenica 22, dalle ore 16, in biblioteca comunale una domenica tutta da scoprire con esibizioni, musica, balli, la magia di mago Riccio e tantissimo divertimento che si concluder\u00e0 con la serata dedicata ai giovani talenti santacrocesi organizzata i da Giovanni Zisa (karaoke) soprattutto per chi crede ancora nel magico Natale.<\/p>\n<p style=\"text-align: center;\"><img fetchpriority=\"high\" decoding=\"async\" class=\"alignnone size-full wp-image-68045 lazyload\" src=\"data:image\/gif;base64,R0lGODlhAQABAAAAACH5BAEKAAEALAAAAAABAAEAAAICTAEAOw==\" data-src=\"https:\/\/www.santacroceweb.com\/giornale1\/wp-content\/uploads\/2019\/12\/80624729_2186995971594678_2077818810307444736_o.jpg\" alt=\"\" width=\"1440\" height=\"1080\" data-sizes=\"auto\" data-srcset=\"https:\/\/www.santacroceweb.com\/giornale1\/wp-content\/uploads\/2019\/12\/80624729_2186995971594678_2077818810307444736_o.jpg 1440w, https:\/\/www.santacroceweb.com\/giornale1\/wp-content\/uploads\/2019\/12\/80624729_2186995971594678_2077818810307444736_o-300x225.jpg 300w, https:\/\/www.santacroceweb.com\/giornale1\/wp-content\/uploads\/2019\/12\/80624729_2186995971594678_2077818810307444736_o-768x576.jpg 768w, https:\/\/www.santacroceweb.com\/giornale1\/wp-content\/uploads\/2019\/12\/80624729_2186995971594678_2077818810307444736_o-1024x768.jpg 1024w, https:\/\/www.santacroceweb.com\/giornale1\/wp-content\/uploads\/2019\/12\/80624729_2186995971594678_2077818810307444736_o-86x64.jpg 86w\" sizes=\"(max-width: 1440px) 100vw, 1440px\" \/><\/p>\n<div id='gallery-1' class='gallery galleryid-68033 gallery-columns-3 gallery-size-thumbnail'><figure class='gallery-item'>\n\t\t\t<div class='gallery-icon portrait'>\n\t\t\t\t<a href='https:\/\/www.santacroceweb.com\/index.php\/2019\/12\/22\/gli-eventi-di-natale-in-biblioteca-questa-sera-il-karaoke-di-giovanni-zisa\/img-20191221-wa0023\/'><img decoding=\"async\" width=\"150\" height=\"150\" src=\"https:\/\/www.santacroceweb.com\/giornale1\/wp-content\/uploads\/2019\/12\/IMG-20191221-WA0023.jpg\" class=\"attachment-thumbnail size-thumbnail jl-lazyload lazyload\" alt=\"\" data-src=\"https:\/\/www.santacroceweb.com\/giornale1\/wp-content\/uploads\/2019\/12\/IMG-20191221-WA0023-150x150.jpg\" \/><\/a>\n\t\t\t<\/div><\/figure><figure class='gallery-item'>\n\t\t\t<div class='gallery-icon portrait'>\n\t\t\t\t<a href='https:\/\/www.santacroceweb.com\/index.php\/2019\/12\/22\/gli-eventi-di-natale-in-biblioteca-questa-sera-il-karaoke-di-giovanni-zisa\/img-20191221-wa0024\/'><img decoding=\"async\" width=\"150\" height=\"150\" src=\"https:\/\/www.santacroceweb.com\/giornale1\/wp-content\/uploads\/2019\/12\/IMG-20191221-WA0024.jpg\" class=\"attachment-thumbnail size-thumbnail jl-lazyload lazyload\" alt=\"\" data-src=\"https:\/\/www.santacroceweb.com\/giornale1\/wp-content\/uploads\/2019\/12\/IMG-20191221-WA0024-150x150.jpg\" \/><\/a>\n\t\t\t<\/div><\/figure><figure class='gallery-item'>\n\t\t\t<div class='gallery-icon landscape'>\n\t\t\t\t<a href='https:\/\/www.santacroceweb.com\/index.php\/2019\/12\/22\/gli-eventi-di-natale-in-biblioteca-questa-sera-il-karaoke-di-giovanni-zisa\/img-20191221-wa0036\/'><img loading=\"lazy\" decoding=\"async\" width=\"150\" height=\"150\" src=\"https:\/\/www.santacroceweb.com\/giornale1\/wp-content\/uploads\/2019\/12\/IMG-20191221-WA0036.jpg\" class=\"attachment-thumbnail size-thumbnail jl-lazyload lazyload\" alt=\"\" data-src=\"https:\/\/www.santacroceweb.com\/giornale1\/wp-content\/uploads\/2019\/12\/IMG-20191221-WA0036-150x150.jpg\" \/><\/a>\n\t\t\t<\/div><\/figure><figure class='gallery-item'>\n\t\t\t<div class='gallery-icon portrait'>\n\t\t\t\t<a href='https:\/\/www.santacroceweb.com\/index.php\/2019\/12\/22\/gli-eventi-di-natale-in-biblioteca-questa-sera-il-karaoke-di-giovanni-zisa\/img-20191221-wa0042\/'><img loading=\"lazy\" decoding=\"async\" width=\"150\" height=\"150\" src=\"https:\/\/www.santacroceweb.com\/giornale1\/wp-content\/uploads\/2019\/12\/IMG-20191221-WA0042.jpg\" class=\"attachment-thumbnail size-thumbnail jl-lazyload lazyload\" alt=\"\" data-src=\"https:\/\/www.santacroceweb.com\/giornale1\/wp-content\/uploads\/2019\/12\/IMG-20191221-WA0042-150x150.jpg\" \/><\/a>\n\t\t\t<\/div><\/figure><figure class='gallery-item'>\n\t\t\t<div class='gallery-icon portrait'>\n\t\t\t\t<a href='https:\/\/www.santacroceweb.com\/index.php\/2019\/12\/22\/gli-eventi-di-natale-in-biblioteca-questa-sera-il-karaoke-di-giovanni-zisa\/img-20191221-wa0044\/'><img loading=\"lazy\" decoding=\"async\" width=\"150\" height=\"150\" src=\"https:\/\/www.santacroceweb.com\/giornale1\/wp-content\/uploads\/2019\/12\/IMG-20191221-WA0044.jpg\" class=\"attachment-thumbnail size-thumbnail jl-lazyload lazyload\" alt=\"\" data-src=\"https:\/\/www.santacroceweb.com\/giornale1\/wp-content\/uploads\/2019\/12\/IMG-20191221-WA0044-150x150.jpg\" \/><\/a>\n\t\t\t<\/div><\/figure><figure class='gallery-item'>\n\t\t\t<div class='gallery-icon portrait'>\n\t\t\t\t<a href='https:\/\/www.santacroceweb.com\/index.php\/2019\/12\/22\/gli-eventi-di-natale-in-biblioteca-questa-sera-il-karaoke-di-giovanni-zisa\/img-20191221-wa0046\/'><img loading=\"lazy\" decoding=\"async\" width=\"150\" height=\"150\" src=\"https:\/\/www.santacroceweb.com\/giornale1\/wp-content\/uploads\/2019\/12\/IMG-20191221-WA0046.jpg\" class=\"attachment-thumbnail size-thumbnail jl-lazyload lazyload\" alt=\"\" data-src=\"https:\/\/www.santacroceweb.com\/giornale1\/wp-content\/uploads\/2019\/12\/IMG-20191221-WA0046-150x150.jpg\" \/><\/a>\n\t\t\t<\/div><\/figure><figure class='gallery-item'>\n\t\t\t<div class='gallery-icon landscape'>\n\t\t\t\t<a href='https:\/\/www.santacroceweb.com\/index.php\/2019\/12\/22\/gli-eventi-di-natale-in-biblioteca-questa-sera-il-karaoke-di-giovanni-zisa\/img-20191221-wa0047\/'><img loading=\"lazy\" decoding=\"async\" width=\"150\" height=\"150\" src=\"https:\/\/www.santacroceweb.com\/giornale1\/wp-content\/uploads\/2019\/12\/IMG-20191221-WA0047-e1577005608640.jpg\" class=\"attachment-thumbnail size-thumbnail jl-lazyload lazyload\" alt=\"\" data-src=\"https:\/\/www.santacroceweb.com\/giornale1\/wp-content\/uploads\/2019\/12\/IMG-20191221-WA0047-e1577005608640-150x150.jpg\" \/><\/a>\n\t\t\t<\/div><\/figure><figure class='gallery-item'>\n\t\t\t<div class='gallery-icon portrait'>\n\t\t\t\t<a href='https:\/\/www.santacroceweb.com\/index.php\/2019\/12\/22\/gli-eventi-di-natale-in-biblioteca-questa-sera-il-karaoke-di-giovanni-zisa\/img-20191221-wa0049\/'><img loading=\"lazy\" decoding=\"async\" width=\"150\" height=\"150\" src=\"https:\/\/www.santacroceweb.com\/giornale1\/wp-content\/uploads\/2019\/12\/IMG-20191221-WA0049.jpg\" class=\"attachment-thumbnail size-thumbnail jl-lazyload lazyload\" alt=\"\" data-src=\"https:\/\/www.santacroceweb.com\/giornale1\/wp-content\/uploads\/2019\/12\/IMG-20191221-WA0049-150x150.jpg\" \/><\/a>\n\t\t\t<\/div><\/figure>\n\t\t<\/div>\n\n","protected":false},"excerpt":{"rendered":"<p>Si avvicina il Natale e in Biblioteca \u00e8 ancora pi\u00f9 magico dopo la terza settimana di iniziative rivolte ai bambini. L&#8217;amministrazione comunale \u00e8 soddisfatta per aver ricevuto tanti sorrisi e la partecipazione di intere famiglie che credono nei valori del Santo Natale, ma anche nelle luci, nelle magie, nelle fantasie e nei racconti sull&#8217;esistenza di [&hellip;]<\/p>\n","protected":false},"author":26,"featured_media":68041,"comment_status":"open","ping_status":"open","sticky":false,"template":"","format":"gallery","meta":{"footnotes":""},"categories":[6],"tags":[],"class_list":["post-68033","post","type-post","status-publish","format-gallery","has-post-thumbnail","hentry","category-culturaespettacolo","post_format-post-format-gallery"],"_links":{"self":[{"href":"https:\/\/www.santacroceweb.com\/index.php\/wp-json\/wp\/v2\/posts\/68033","targetHints":{"allow":["GET"]}}],"collection":[{"href":"https:\/\/www.santacroceweb.com\/index.php\/wp-json\/wp\/v2\/posts"}],"about":[{"href":"https:\/\/www.santacroceweb.com\/index.php\/wp-json\/wp\/v2\/types\/post"}],"author":[{"embeddable":true,"href":"https:\/\/www.santacroceweb.com\/index.php\/wp-json\/wp\/v2\/users\/26"}],"replies":[{"embeddable":true,"href":"https:\/\/www.santacroceweb.com\/index.php\/wp-json\/wp\/v2\/comments?post=68033"}],"version-history":[{"count":0,"href":"https:\/\/www.santacroceweb.com\/index.php\/wp-json\/wp\/v2\/posts\/68033\/revisions"}],"wp:featuredmedia":[{"embeddable":true,"href":"https:\/\/www.santacroceweb.com\/index.php\/wp-json\/wp\/v2\/media\/68041"}],"wp:attachment":[{"href":"https:\/\/www.santacroceweb.com\/index.php\/wp-json\/wp\/v2\/media?parent=68033"}],"wp:term":[{"taxonomy":"category","embeddable":true,"href":"https:\/\/www.santacroceweb.com\/index.php\/wp-json\/wp\/v2\/categories?post=68033"},{"taxonomy":"post_tag","embeddable":true,"href":"https:\/\/www.santacroceweb.com\/index.php\/wp-json\/wp\/v2\/tags?post=68033"}],"curies":[{"name":"wp","href":"https:\/\/api.w.org\/{rel}","templated":true}]}}