{"id":6862,"date":"2013-07-25T09:10:24","date_gmt":"2013-07-25T07:10:24","guid":{"rendered":"http:\/\/www.santacroceweb.com\/giornale1\/?p=6862"},"modified":"2013-07-25T09:10:24","modified_gmt":"2013-07-25T07:10:24","slug":"il-sindaco-parla-con-la-stampa-ma-non-risponde-ai-consiglieri-portelli-chiede-le-dimissioni-video","status":"publish","type":"post","link":"https:\/\/www.santacroceweb.com\/index.php\/2013\/07\/25\/il-sindaco-parla-con-la-stampa-ma-non-risponde-ai-consiglieri-portelli-chiede-le-dimissioni-video\/","title":{"rendered":"Il sindaco parla con la stampa ma non risponde ai consiglieri: Portelli chiede le dimissioni <font color=red>VIDEO<\/font>"},"content":{"rendered":"<p style=\"text-align: justify;\">Come in ogni Consiglio comunale che si rispetti, a Santa Croce non mancano mai le polemiche. A volte persino un po&#8217; comiche. Il baraonda di mercoled\u00ec sera lo dimostra. Da un lato &#8216;Noi Ci Crediamo&#8217;, che sollecitava una risposta del sindaco sugli sviluppi amministrativi (leggasi addio di Pluchino e nomina di All\u00f9). Dall&#8217;altro l&#8217;atteggiamento del primo cittadino, che sceglieva di non rispondere alle sollecitazioni dei consiglieri d&#8217;opposizione. &#8220;Questo \u00e8 un comportamento inammissibile &#8211; spiega Enzo Brancato a Santa Croce Web -. Il sindaco, anzich\u00e9 fornire spiegazioni alla stampa, dovrebbe parlare con i consiglieri&#8221;. Durissimo il commento di Carmelo Portelli, altro esponente del gruppo di minoranza: &#8220;Pluchino ha ben motivato le sue dimissioni, il sindaco non ha voluto fornire alcuna spiegazione. Ma deve prendere atto che la lista con cui ha vinto le elezioni non esiste pi\u00f9: Puglisi e Pluchino sono indipendenti, anche gli Agricoltori hanno creato un gruppo a s\u00e9 stante. Invito il sindaco e la giunta a riflettere, a dimettersi e a dare ai cittadini la possibilit\u00e0 di tornare alle urne&#8221;. Non poteva mancare il parere di Pluchino: &#8220;La politica che si trascina in offese personali a me non piace. Stasera si \u00e8 persa l&#8217;occasione di chiarire alcune cose, prima annunciate in modo precipitoso. Evidentemente qualcuno deve riflettere: mettendosi in discussione e non rimanendo attaccato alle poltrone. La politica \u00e8 un servizio verso i cittadini: se non si riesce a portarlo a termine, meglio farsi da parte&#8221;. Il sindaco Franca Iurato, dopo aver &#8220;snobbato&#8221; le richieste di spiegazione giunte dall&#8217;Aula, ha parlato con i giornalisti: &#8220;Pluchino? Non mi piace alimentare polemiche. I motivi per cui si \u00e8 dimesso dovete chiederli a lui. Non \u00e8 vero che ho utilizzato i giornali per fare delle comunicazioni, anche stavolta qualcuno avrebbe dovuto tacere&#8221;. Il sindaco di Santa Croce poi si sofferma sui problemi della citt\u00e0 e della sua Amministrazione: &#8220;Sono i problemi di qualunque Amministrazione. Ovviamente la frammentazione politica non ha aiutato, ma sarebbe stato cos\u00ec anche se a governare fossero stati altri. Ztl e isola pedonale? Tutte le novit\u00e0 creano clamore. Stiamo cercando di sfruttare l&#8217;onda lunga di Montalbano e portare avanti un progetto importante per i nostri commercianti e le forze produttive&#8221;. Anche sul marchio collettivo la Iurato non desiste: &#8220;I nostri prodotti non hanno nulla da invidiare. Dobbiamo solo promuoverli e andare oltre le polemiche&#8221;. <span style=\"text-decoration: underline;\"><strong>Ascolta tutte le interviste nei video.<\/strong><\/span><\/p>\n<p style=\"text-align: right;\"><strong>Redazione<\/strong><\/p>\n<p style=\"text-align: center;\"><span style=\"text-decoration: underline; color: #ff0000;\"><strong>Intervista Carmelo Portelli<\/strong><\/span><\/p>\n<p style=\"text-align: center;\">[youtube]IjTdNmk9BcE[\/youtube]\n<p style=\"text-align: center;\"><span style=\"text-decoration: underline; color: #ff0000;\"><strong>Intervista Enzo Brancato<\/strong><\/span><\/p>\n<p style=\"text-align: center;\">[youtube]-NB8UjYDO8Q[\/youtube]\n<p style=\"text-align: center;\"><span style=\"text-decoration: underline; color: #ff0000;\"><strong>Intervista Rosario Pluchino<\/strong><\/span><\/p>\n<p style=\"text-align: center;\">[youtube]P7mcqpjl9Rc[\/youtube]\n<p style=\"text-align: center;\"><span style=\"text-decoration: underline; color: #ff0000;\"><strong>Intervista al sindaco Franca Iurato<\/strong><\/span><\/p>\n<p style=\"text-align: center;\">[youtube]C7d5iof4FGU[\/youtube]\n","protected":false},"excerpt":{"rendered":"<p>Come in ogni Consiglio comunale che si rispetti, a Santa Croce non mancano mai le polemiche. A volte persino un po&#8217; comiche. Il baraonda di mercoled\u00ec sera lo dimostra. Da un lato &#8216;Noi Ci Crediamo&#8217;, che sollecitava una risposta del sindaco sugli sviluppi amministrativi (leggasi addio di Pluchino e nomina di All\u00f9). Dall&#8217;altro l&#8217;atteggiamento del [&hellip;]<\/p>\n","protected":false},"author":34,"featured_media":6870,"comment_status":"open","ping_status":"open","sticky":false,"template":"","format":"standard","meta":{"footnotes":""},"categories":[1,4,11],"tags":[],"class_list":["post-6862","post","type-post","status-publish","format-standard","has-post-thumbnail","hentry","category-news","category-politica","category-primopiano"],"_links":{"self":[{"href":"https:\/\/www.santacroceweb.com\/index.php\/wp-json\/wp\/v2\/posts\/6862","targetHints":{"allow":["GET"]}}],"collection":[{"href":"https:\/\/www.santacroceweb.com\/index.php\/wp-json\/wp\/v2\/posts"}],"about":[{"href":"https:\/\/www.santacroceweb.com\/index.php\/wp-json\/wp\/v2\/types\/post"}],"author":[{"embeddable":true,"href":"https:\/\/www.santacroceweb.com\/index.php\/wp-json\/wp\/v2\/users\/34"}],"replies":[{"embeddable":true,"href":"https:\/\/www.santacroceweb.com\/index.php\/wp-json\/wp\/v2\/comments?post=6862"}],"version-history":[{"count":0,"href":"https:\/\/www.santacroceweb.com\/index.php\/wp-json\/wp\/v2\/posts\/6862\/revisions"}],"wp:featuredmedia":[{"embeddable":true,"href":"https:\/\/www.santacroceweb.com\/index.php\/wp-json\/wp\/v2\/media\/6870"}],"wp:attachment":[{"href":"https:\/\/www.santacroceweb.com\/index.php\/wp-json\/wp\/v2\/media?parent=6862"}],"wp:term":[{"taxonomy":"category","embeddable":true,"href":"https:\/\/www.santacroceweb.com\/index.php\/wp-json\/wp\/v2\/categories?post=6862"},{"taxonomy":"post_tag","embeddable":true,"href":"https:\/\/www.santacroceweb.com\/index.php\/wp-json\/wp\/v2\/tags?post=6862"}],"curies":[{"name":"wp","href":"https:\/\/api.w.org\/{rel}","templated":true}]}}