{"id":68701,"date":"2020-02-13T11:19:03","date_gmt":"2020-02-13T10:19:03","guid":{"rendered":"http:\/\/www.santacroceweb.com\/giornale1\/?p=68701"},"modified":"2020-02-13T11:19:03","modified_gmt":"2020-02-13T10:19:03","slug":"anche-i-pomodori-hanno-il-loro-coronavirus-la-medicina-dellars","status":"publish","type":"post","link":"https:\/\/www.santacroceweb.com\/index.php\/2020\/02\/13\/anche-i-pomodori-hanno-il-loro-coronavirus-la-medicina-dellars\/","title":{"rendered":"Anche i pomodori hanno il loro Coronavirus: la medicina dell&#8217;Ars"},"content":{"rendered":"<p style=\"font-weight: 400; text-align: justify;\"><strong>E&#8217; come se fosse il Coronavirus dei pomodori.<\/strong> La diffusione del Tobrfv tra le colture ha raggiunto livelli molto preoccupanti. Ed ecco perch\u00e9 ieri mattina, a Palermo, la commissione Attivit\u00e0 produttive dell&#8217;Ars, presieduta dall&#8217;on. Orazio Ragusa, ha cercato di fare il punto su questa fitopatia, alla presenza dell&#8217;assessore regionale per l&#8217;Agricoltura, Edy Bandiera, dei dirigenti generali del Dipartimento regionale dell&#8217;agricoltura, dei dirigenti dei servizi fitosanitari regionali, di docenti universitari, dei rappresentanti degli Ordini professionali e delle aziende che operano nel settore. Dalla riunione \u00e8 emersa la gravit\u00e0 di questo nuovo virus.<\/p>\n<p style=\"font-weight: 400; text-align: justify;\"><strong>Il Tomato brown rugose fruit virus<\/strong> \u00e8 stato identificato per la prima volta su pomodoro in Israele nel 2014, successivamente in Giordania nel 2015. Il primo focolaio riscontrato in Sicilia risale alla fine del 2018. Da qui la diffusione ha assunto proporzioni molto preoccupanti tanto che l&#8217;organizzazione europea per la protezione delle piante ha deciso di inserirlo nella cosiddetta &#8220;Alert list&#8221;. Sui pomodori, i sintomi variano a seconda del fotoperiodo, la temperatura e la variet\u00e0 coltivata. I sintomi fogliari su pomodoro, \u00e8 stato spiegato, sono riconducibili, nella maggior parte dei casi, a clorosi, mosaico, ingiallimenti e deformazione della lamina fogliare. Numerosi sono stati i danni segnalati dalle aziende. E per questo motivo si sta cercando di correre ai ripari.<\/p>\n<p style=\"font-weight: 400; text-align: justify;\"><strong>&#8220;Il vertice che abbiamo promosso ieri<\/strong> \u2013 afferma l&#8217;on. Ragusa \u2013 ha avuto proprio questo scopo dopo avere preso atto dell&#8217;entit\u00e0 che il fenomeno ha assunto. Ecco perch\u00e9 \u00e8 stato deciso, intanto, di costituire un tavolo di crisi con gli uffici fitosanitari regionali, le Universit\u00e0 siciliane e gli addetti ai lavori. Inoltre, l&#8217;assessore Bandiera si \u00e8 impegnato a mettere in campo una serie di iniziative finalizzate all&#8217;informazione e alla divulgazione della problematica su tutto il territorio siciliano. Non si deve perdere tempo. E&#8217; indispensabile che le notizie possano essere veicolate nella maniera pi\u00f9 rapida per garantire risposte agli operatori del settore. Infine, un altro obiettivo verso cui si punta \u00e8 quello di concretizzare una serie di provvedimenti che intendono aiutare le aziende agricole attraverso alcuni sgravi fiscali che mirano ad abbattere il costo del lavoro. Prima, per\u00f2, \u00e8 necessaria la segnalazione, il riconoscimento della calamit\u00e0 e la successiva declaratoria. E&#8217; indispensabile un&#8217;azione concertata e mirata. Ma soprattutto occorre procedere con una certa tempestivit\u00e0. Non si pu\u00f2 perdere di vista l&#8217;obiettivo principale, cio\u00e8 contenere il fenomeno della diffusione del virus e salvare le coltivazioni delle nostre aziende isolane. E tutto ci\u00f2 per preservare l&#8217;economia agricola che sappiamo quanta importanza assume per lo sviluppo e la crescita del territorio siciliano e della provincia di Ragusa che, non a caso, pu\u00f2 vantare un&#8217;alta vocazione agricola. Sappiamo quale e quanto il reddito che l&#8217;agricoltura garantisce alle famiglie dei nostri territori ed ecco perch\u00e9 diventa prioritario tutelare questa produzione d&#8217;eccellenza&#8221;.<\/p>\n","protected":false},"excerpt":{"rendered":"<p>E&#8217; come se fosse il Coronavirus dei pomodori. La diffusione del Tobrfv tra le colture ha raggiunto livelli molto preoccupanti. Ed ecco perch\u00e9 ieri mattina, a Palermo, la commissione Attivit\u00e0 produttive dell&#8217;Ars, presieduta dall&#8217;on. Orazio Ragusa, ha cercato di fare il punto su questa fitopatia, alla presenza dell&#8217;assessore regionale per l&#8217;Agricoltura, Edy Bandiera, dei dirigenti [&hellip;]<\/p>\n","protected":false},"author":34,"featured_media":68702,"comment_status":"open","ping_status":"open","sticky":false,"template":"","format":"standard","meta":{"footnotes":""},"categories":[7,130],"tags":[],"class_list":["post-68701","post","type-post","status-publish","format-standard","has-post-thumbnail","hentry","category-cronaca","category-palermochiama"],"_links":{"self":[{"href":"https:\/\/www.santacroceweb.com\/index.php\/wp-json\/wp\/v2\/posts\/68701","targetHints":{"allow":["GET"]}}],"collection":[{"href":"https:\/\/www.santacroceweb.com\/index.php\/wp-json\/wp\/v2\/posts"}],"about":[{"href":"https:\/\/www.santacroceweb.com\/index.php\/wp-json\/wp\/v2\/types\/post"}],"author":[{"embeddable":true,"href":"https:\/\/www.santacroceweb.com\/index.php\/wp-json\/wp\/v2\/users\/34"}],"replies":[{"embeddable":true,"href":"https:\/\/www.santacroceweb.com\/index.php\/wp-json\/wp\/v2\/comments?post=68701"}],"version-history":[{"count":0,"href":"https:\/\/www.santacroceweb.com\/index.php\/wp-json\/wp\/v2\/posts\/68701\/revisions"}],"wp:featuredmedia":[{"embeddable":true,"href":"https:\/\/www.santacroceweb.com\/index.php\/wp-json\/wp\/v2\/media\/68702"}],"wp:attachment":[{"href":"https:\/\/www.santacroceweb.com\/index.php\/wp-json\/wp\/v2\/media?parent=68701"}],"wp:term":[{"taxonomy":"category","embeddable":true,"href":"https:\/\/www.santacroceweb.com\/index.php\/wp-json\/wp\/v2\/categories?post=68701"},{"taxonomy":"post_tag","embeddable":true,"href":"https:\/\/www.santacroceweb.com\/index.php\/wp-json\/wp\/v2\/tags?post=68701"}],"curies":[{"name":"wp","href":"https:\/\/api.w.org\/{rel}","templated":true}]}}