{"id":6872,"date":"2013-07-25T09:00:42","date_gmt":"2013-07-25T07:00:42","guid":{"rendered":"http:\/\/www.santacroceweb.com\/giornale1\/?p=6872"},"modified":"2013-07-25T13:54:49","modified_gmt":"2013-07-25T11:54:49","slug":"cna-giorgio-iurato-rieletto-presidente-per-i-prossimi-quattro-anni-nominato-anche-il-direttivo","status":"publish","type":"post","link":"https:\/\/www.santacroceweb.com\/index.php\/2013\/07\/25\/cna-giorgio-iurato-rieletto-presidente-per-i-prossimi-quattro-anni-nominato-anche-il-direttivo\/","title":{"rendered":"Cna, Giorgio Iurato rieletto presidente per i prossimi quattro anni: nominato anche il direttivo"},"content":{"rendered":"<p style=\"text-align: justify;\">Riconferma per Giorgio Iurato che \u00e8 stato rieletto come presidente territoriale del CNA di Santa Croce Camerina per i prossimi quattro anni. Proprio nell\u2019aula consiliare del comune di Santa Croce, alla presenza del sindaco Franca Iurato e del vice sindaco Francesco Corallo, le elezioni del nuovo direttivo del CNA hanno dato i propri frutti. Gli altri membri saranno: Carmelo Basile, Vincenzo Cavallo, Salvatore Catalano, Giovanni Falcone, Massimo Ragazzo, Marisa Velardi, Saverio Mandar\u00e0, Salvatore Tumino e Pietro Salvatore Ruggiero. Durante l\u2019incontro si sono discussi alcuni temi importanti legati al ricorrente fenomeno del lavoro nero legato all\u2019economia artigianale ed ai rimedi necessari per arginarlo. \u201cCome primo impegno lavoreremo sul discorso degli abusivi \u2013 ha annunciato il neo rieletto presidente Giorgio Iurato- perch\u00e9 \u00e8 un tema che preme su tutte le categorie. Vogliamo tentare di combattere il pi\u00f9 possibile il problema degli abusivi che sono presenti in tutti i settori artigianali\u201d. Iurato rappresenter\u00e0 Santa Croce anche come delegato all\u2019assemblea provinciale del CNA.<\/p>\n<p style=\"text-align: right;\"><strong>Antonella Galuppi<\/strong><\/p>\n<p style=\"text-align: center;\">\n<p style=\"text-align: center;\"><a href=\"https:\/\/www.santacroceweb.com\/giornale1\/wp-content\/uploads\/2013\/07\/Bordonaro-Iurato-Massari11.jpg\"><img fetchpriority=\"high\" decoding=\"async\" class=\"aligncenter size-medium wp-image-6900 lazyload\" title=\"Bordonaro-Iurato-Massari[1]\" src=\"data:image\/gif;base64,R0lGODlhAQABAAAAACH5BAEKAAEALAAAAAABAAEAAAICTAEAOw==\" data-src=\"https:\/\/www.santacroceweb.com\/giornale1\/wp-content\/uploads\/2013\/07\/Bordonaro-Iurato-Massari11-300x225.jpg\" alt=\"\" width=\"300\" height=\"225\" data-sizes=\"auto\" data-srcset=\"https:\/\/www.santacroceweb.com\/giornale1\/wp-content\/uploads\/2013\/07\/Bordonaro-Iurato-Massari11-300x225.jpg 300w, https:\/\/www.santacroceweb.com\/giornale1\/wp-content\/uploads\/2013\/07\/Bordonaro-Iurato-Massari11-768x576.jpg 768w, https:\/\/www.santacroceweb.com\/giornale1\/wp-content\/uploads\/2013\/07\/Bordonaro-Iurato-Massari11-1024x768.jpg 1024w, https:\/\/www.santacroceweb.com\/giornale1\/wp-content\/uploads\/2013\/07\/Bordonaro-Iurato-Massari11-86x64.jpg 86w\" sizes=\"(max-width: 300px) 100vw, 300px\" \/><\/a><\/p>\n","protected":false},"excerpt":{"rendered":"<p>Riconferma per Giorgio Iurato che \u00e8 stato rieletto come presidente territoriale del CNA di Santa Croce Camerina per i prossimi quattro anni. Proprio nell\u2019aula consiliare del comune di Santa Croce, alla presenza del sindaco Franca Iurato e del vice sindaco Francesco Corallo, le elezioni del nuovo direttivo del CNA hanno dato i propri frutti. Gli [&hellip;]<\/p>\n","protected":false},"author":4,"featured_media":6874,"comment_status":"open","ping_status":"open","sticky":false,"template":"","format":"standard","meta":{"footnotes":""},"categories":[8,1],"tags":[],"class_list":["post-6872","post","type-post","status-publish","format-standard","has-post-thumbnail","hentry","category-attualita","category-news"],"_links":{"self":[{"href":"https:\/\/www.santacroceweb.com\/index.php\/wp-json\/wp\/v2\/posts\/6872","targetHints":{"allow":["GET"]}}],"collection":[{"href":"https:\/\/www.santacroceweb.com\/index.php\/wp-json\/wp\/v2\/posts"}],"about":[{"href":"https:\/\/www.santacroceweb.com\/index.php\/wp-json\/wp\/v2\/types\/post"}],"author":[{"embeddable":true,"href":"https:\/\/www.santacroceweb.com\/index.php\/wp-json\/wp\/v2\/users\/4"}],"replies":[{"embeddable":true,"href":"https:\/\/www.santacroceweb.com\/index.php\/wp-json\/wp\/v2\/comments?post=6872"}],"version-history":[{"count":0,"href":"https:\/\/www.santacroceweb.com\/index.php\/wp-json\/wp\/v2\/posts\/6872\/revisions"}],"wp:featuredmedia":[{"embeddable":true,"href":"https:\/\/www.santacroceweb.com\/index.php\/wp-json\/wp\/v2\/media\/6874"}],"wp:attachment":[{"href":"https:\/\/www.santacroceweb.com\/index.php\/wp-json\/wp\/v2\/media?parent=6872"}],"wp:term":[{"taxonomy":"category","embeddable":true,"href":"https:\/\/www.santacroceweb.com\/index.php\/wp-json\/wp\/v2\/categories?post=6872"},{"taxonomy":"post_tag","embeddable":true,"href":"https:\/\/www.santacroceweb.com\/index.php\/wp-json\/wp\/v2\/tags?post=6872"}],"curies":[{"name":"wp","href":"https:\/\/api.w.org\/{rel}","templated":true}]}}