{"id":68927,"date":"2020-02-26T08:11:07","date_gmt":"2020-02-26T07:11:07","guid":{"rendered":"http:\/\/www.santacroceweb.com\/giornale1\/?p=68927"},"modified":"2020-02-26T08:37:40","modified_gmt":"2020-02-26T07:37:40","slug":"il-saluto-dellassessore-robusti-ci-siamo-fidati-del-sindaco-sbagliato","status":"publish","type":"post","link":"https:\/\/www.santacroceweb.com\/index.php\/2020\/02\/26\/il-saluto-dellassessore-robusti-ci-siamo-fidati-del-sindaco-sbagliato\/","title":{"rendered":"Il saluto dell&#8217;ex assessore Robusti: &#8220;Ci siamo fidati del sindaco sbagliato&#8221;"},"content":{"rendered":"<p style=\"text-align: justify;\"><strong>&#8220;Sono giunto al termine del mandato assessoriale<\/strong> con le deleghe ad Agricoltura, Borgate e Bilancio; scrivo perch\u00e9 mi sento in dovere di ringraziare ogni singolo cittadino e il mio gruppo di appartenenza, che con la sua \u201cfiducia\u201d, mi ha consentito di svolgere, all&#8217;interno del nostro comune, il ruolo di assessore. Guardando indietro nel tempo mi rivedo durante la campagna elettorale, rivivo l&#8217;entusiasmo di quei giorni, la voglia di fare, di cambiare, di farla rivivere\u2026 Credevo molto nella coalizione di appartenenza anche se variegata la ritenevo all\u2019altezza, avevo tanta speranza e tanti sogni&#8221;. Comincia cos\u00ec la lettera aperta dell&#8217;ex assessore Adolfo Robusti alla citt\u00e0. &#8220;In questi anni ho cercato di essere all&#8217;altezza del compito &#8211; sostiene ancora Robusti -. Non \u00e8 stato facile, non solo per la mia inesperienza o per i mille ostacoli burocratici, che rendono difficile anche la cosa pi\u00f9 semplice; ma anche per i tanti intralci all&#8217;interno delle istituzioni e della stessa coalizione. Con il tempo ho capito che il gruppo \u201cSanta Croce Rivive\u201d non esisteva pi\u00f9 e con lui quindi, neanche la possibilit\u00e0 di perseguire obiettivi comuni. Sono stati due anni difficili, in cui ho avvertito fortemente il senso di responsabilit\u00e0&#8221;.<\/p>\n<p style=\"text-align: justify;\"><strong>&#8220;Sono stato una spina nel fianco per molti<\/strong> &#8211; aggiunge l&#8217;ex assessore del gruppo Insieme &#8211; e credetemi avrei voluto ancor pi\u00f9 essere opportunit\u00e0 di crescita per Santa Croce Camerina, ho fatto tutto quanto \u00e8 stato nelle mie possibilit\u00e0, per essere sempre a servizio della collettivit\u00e0, anche al di fuori delle mie deleghe, sono sempre stato a supporto delle nuove generazioni, portando a realizzazione ogni loro proposta e progetto. Non ho realizzato grandi opere, ma credo di avere umilmente servito il mio paese, che tanto amo, mantenendo fede ai doveri di imparzialit\u00e0 e di intangibilit\u00e0. \u00c8 stata un&#8217;esperienza magnifica che mi ha dato opportunit\u00e0 di crescita personale ed umana, ma ho anche acquisito una visione diversa del mondo che ti circonda, ho conosciuto l&#8217;onest\u00e0 e il suo contrario, la lealt\u00e0 e i mille volti degli esseri umani&#8221;.<\/p>\n<p style=\"text-align: justify;\"><strong>&#8220;Ringrazio chi, all&#8217;interno dell&#8217;Ente svolge<\/strong> con impegno e abnegazione il proprio lavoro, supportando l\u2019azione amministrativa in ogni sua fase. L\u2019unica nota stonata di questa avventura \u00e8 quella che ci siamo fidati del sindaco sbagliato. Abbiamo sprecato il nostro lavoro e il nostro tempo. Ci rivolgiamo soprattutto ai cittadini: non fidatevi di chi mette sempre se stesso al primo posto, calpestando tutto e tutti anche chi gli ha permesso di raggiungere il suo obiettivo, \u201cdiventare primo cittadino\u201d, per poi circondarsi di chi non gli ha dato neppure un voto, non mantenendo fede al volere dei cittadini. Non prestatevi al gioco di chi non rispetta la parola data, perch\u00e9 inadeguato. Concludo questo percorso, ringraziando quanti hanno creduto in me, ringrazio la mia famiglia, mia moglie e mio figlio, ai quali ho rubato non poco tempo, ma anche quanti, con i continui intralci, mi hanno motivato a proseguire con orgoglio. Quando si esercita con lealt\u00e0 il proprio ruolo, qualunque esso sia, si rischia l&#8217;emarginazione e l\u2019antipatia di molti. Essere se stessi, avere il coraggio di difendere le proprie opinioni, andando controcorrente, rappresenta agli occhi di molti, ma non tutti, un grande limite, anzich\u00e9 una grande risorsa. Non sar\u00e0 questo, tuttavia, a scoraggiarmi: da domani rimetter\u00f2 insieme tutte le mie energie e continuer\u00f2 ad essere di supporto al mio gruppo per svolgere opposizione sempre e comunque per il bene del paese e della collettivit\u00e0&#8221;.<\/p>\n","protected":false},"excerpt":{"rendered":"<p>&#8220;Sono giunto al termine del mandato assessoriale con le deleghe ad Agricoltura, Borgate e Bilancio; scrivo perch\u00e9 mi sento in dovere di ringraziare ogni singolo cittadino e il mio gruppo di appartenenza, che con la sua \u201cfiducia\u201d, mi ha consentito di svolgere, all&#8217;interno del nostro comune, il ruolo di assessore. Guardando indietro nel tempo mi [&hellip;]<\/p>\n","protected":false},"author":34,"featured_media":56035,"comment_status":"open","ping_status":"open","sticky":false,"template":"","format":"standard","meta":{"footnotes":""},"categories":[4],"tags":[],"class_list":["post-68927","post","type-post","status-publish","format-standard","has-post-thumbnail","hentry","category-politica"],"_links":{"self":[{"href":"https:\/\/www.santacroceweb.com\/index.php\/wp-json\/wp\/v2\/posts\/68927","targetHints":{"allow":["GET"]}}],"collection":[{"href":"https:\/\/www.santacroceweb.com\/index.php\/wp-json\/wp\/v2\/posts"}],"about":[{"href":"https:\/\/www.santacroceweb.com\/index.php\/wp-json\/wp\/v2\/types\/post"}],"author":[{"embeddable":true,"href":"https:\/\/www.santacroceweb.com\/index.php\/wp-json\/wp\/v2\/users\/34"}],"replies":[{"embeddable":true,"href":"https:\/\/www.santacroceweb.com\/index.php\/wp-json\/wp\/v2\/comments?post=68927"}],"version-history":[{"count":0,"href":"https:\/\/www.santacroceweb.com\/index.php\/wp-json\/wp\/v2\/posts\/68927\/revisions"}],"wp:featuredmedia":[{"embeddable":true,"href":"https:\/\/www.santacroceweb.com\/index.php\/wp-json\/wp\/v2\/media\/56035"}],"wp:attachment":[{"href":"https:\/\/www.santacroceweb.com\/index.php\/wp-json\/wp\/v2\/media?parent=68927"}],"wp:term":[{"taxonomy":"category","embeddable":true,"href":"https:\/\/www.santacroceweb.com\/index.php\/wp-json\/wp\/v2\/categories?post=68927"},{"taxonomy":"post_tag","embeddable":true,"href":"https:\/\/www.santacroceweb.com\/index.php\/wp-json\/wp\/v2\/tags?post=68927"}],"curies":[{"name":"wp","href":"https:\/\/api.w.org\/{rel}","templated":true}]}}