{"id":69179,"date":"2020-03-08T01:17:29","date_gmt":"2020-03-08T00:17:29","guid":{"rendered":"http:\/\/www.santacroceweb.com\/giornale1\/?p=69179"},"modified":"2020-03-08T17:11:41","modified_gmt":"2020-03-08T16:11:41","slug":"le-cene-al-tempo-del-coronavirus-barone-secondo-me-si-possono-fare","status":"publish","type":"post","link":"https:\/\/www.santacroceweb.com\/index.php\/2020\/03\/08\/le-cene-al-tempo-del-coronavirus-barone-secondo-me-si-possono-fare\/","title":{"rendered":"Le Cene al tempo del Coronavirus. Barone: &#8220;Secondo me si possono fare&#8221;"},"content":{"rendered":"<p style=\"text-align: justify;\"><strong>Mentre la Lombardia e altre 14 province <\/strong>del Nord Italia vengono &#8220;chiuse&#8221; fino al 3 aprile per contenere l\u2019impatto del Covid-19, a Santa Croce si parla soprattutto delle Cene in onore di San Giuseppe (e gi\u00e0 questo la dice lunga). Dopo la decisione del vescovo di sospendere fino al 3 aprile tutte le processioni religiose, il Consiglio pastorale ha deciso di fissare la data per i festeggiamenti del Patriarca, che slittano cos\u00ec dal 22 marzo al 3 maggio. Ma non \u00e8 tutto. Con un intervento sui social che ha molto fatto discutere (basti vedere i commenti al post), il sindaco Giovanni Barone \u2013 confermando l\u2019impegno dell\u2019Amministrazione a cancellare tutti gli eventi collaterali \u2013 si \u00e8 spinto oltre: \u201cPer quanto riguarda le Cene dei privati, io sono del parere che vadano fatte \u2013 ha detto il primo cittadino &#8211; Per\u00f2 in questo contesto epidemico \u00e8 doveroso osservare le indicazioni del presidente del Consiglio, quindi evitare gli assembramenti, le strette di mano e gli abbracci. Con queste semplici regole e il buonsenso che ci contraddistingue, penso che le cene possano essere fatte\u201d. (<strong><span style=\"text-decoration: underline;\"><a href=\"http:\/\/www.governo.it\/sites\/new.governo.it\/files\/DPCM_20200308.pdf\">L&#8217;ultimo decreto lo sconsiglia fortemente: leggi qua<\/a><\/span><\/strong>)<\/p>\n<p><img fetchpriority=\"high\" decoding=\"async\" class=\"alignnone size-full wp-image-69184 lazyload\" src=\"data:image\/gif;base64,R0lGODlhAQABAAAAACH5BAEKAAEALAAAAAABAAEAAAICTAEAOw==\" data-src=\"https:\/\/www.santacroceweb.com\/giornale1\/wp-content\/uploads\/2020\/03\/nuovo-decreto-e1583654906461.jpg\" alt=\"\" width=\"793\" height=\"380\" data-sizes=\"auto\" data-srcset=\"https:\/\/www.santacroceweb.com\/giornale1\/wp-content\/uploads\/2020\/03\/nuovo-decreto-e1583654906461.jpg 793w, https:\/\/www.santacroceweb.com\/giornale1\/wp-content\/uploads\/2020\/03\/nuovo-decreto-e1583654906461-300x144.jpg 300w, https:\/\/www.santacroceweb.com\/giornale1\/wp-content\/uploads\/2020\/03\/nuovo-decreto-e1583654906461-768x368.jpg 768w\" sizes=\"(max-width: 793px) 100vw, 793px\" \/><\/p>\n<p style=\"text-align: justify;\"><strong>Ma ogni Cena ha un rituale,<\/strong> e secondo Barone non sarebbe giusto rinunciare alla mini-processione dei Santi, che si snoda dalla Chiesa Madre alle abitazioni dei devoti: \u201cBasta contenere il numero di persone che accompagnano i Santi. La banda musicale? Pu\u00f2, anzi deve esserci, rispettando la distanza interpersonale di un metro. Senza allarmismi, ce la possiamo fare\u201d. <strong><span style=\"color: #0000ff;\">Barone, in seguito, ha rimosso il video (ma potete vederlo sotto).<\/span><\/strong> Il numero dei contagi in provincia di Ragusa \u00e8 pari a zero. L\u2019unica paziente che nei giorni scorsi aveva contratto il Virus \u00e8 stata sottoposta a nuovo tampone, che per fortuna \u00e8 risultato negativo. In Sicilia, invece, i casi sono 53. Detto questo, \u00e8 davvero necessario &#8211; in un momento in cui le doti richieste sono prudenza e cautela, e le istituzioni, responsabilmente, invitano a starsene in casa &#8211; andare dietro a una tradizione popolare? Mettere tutto in stand-by, finch\u00e9 non si sar\u00e0 tornati alla normalit\u00e0, \u00e8 il consiglio dei massimi esperti. San Giuseppe se ne farebbe una ragione.<\/p>\n<p><span style=\"color: #ff0000;\"><strong>IL VIDEOMESSAGGIO DEL SINDACO BARONE<\/strong><\/span><\/p>\n<div class=\"jlvid_container \"><iframe title=\"Barone sul &quot;Coronavirus&quot;\" src=\"https:\/\/player.vimeo.com\/video\/396287111?dnt=1&amp;app_id=122963\" width=\"300\" height=\"400\" frameborder=\"0\" allow=\"autoplay; fullscreen; picture-in-picture; clipboard-write; encrypted-media; web-share\" referrerpolicy=\"strict-origin-when-cross-origin\"><\/iframe><\/div>\n<p><span style=\"color: #ff0000;\"><strong>\u00a0<\/strong><\/span><\/p>\n","protected":false},"excerpt":{"rendered":"<p>Mentre la Lombardia e altre 14 province del Nord Italia vengono &#8220;chiuse&#8221; fino al 3 aprile per contenere l\u2019impatto del Covid-19, a Santa Croce si parla soprattutto delle Cene in onore di San Giuseppe (e gi\u00e0 questo la dice lunga). Dopo la decisione del vescovo di sospendere fino al 3 aprile tutte le processioni religiose, [&hellip;]<\/p>\n","protected":false},"author":34,"featured_media":62989,"comment_status":"open","ping_status":"open","sticky":false,"template":"","format":"standard","meta":{"footnotes":""},"categories":[8,11],"tags":[],"class_list":["post-69179","post","type-post","status-publish","format-standard","has-post-thumbnail","hentry","category-attualita","category-primopiano"],"_links":{"self":[{"href":"https:\/\/www.santacroceweb.com\/index.php\/wp-json\/wp\/v2\/posts\/69179","targetHints":{"allow":["GET"]}}],"collection":[{"href":"https:\/\/www.santacroceweb.com\/index.php\/wp-json\/wp\/v2\/posts"}],"about":[{"href":"https:\/\/www.santacroceweb.com\/index.php\/wp-json\/wp\/v2\/types\/post"}],"author":[{"embeddable":true,"href":"https:\/\/www.santacroceweb.com\/index.php\/wp-json\/wp\/v2\/users\/34"}],"replies":[{"embeddable":true,"href":"https:\/\/www.santacroceweb.com\/index.php\/wp-json\/wp\/v2\/comments?post=69179"}],"version-history":[{"count":0,"href":"https:\/\/www.santacroceweb.com\/index.php\/wp-json\/wp\/v2\/posts\/69179\/revisions"}],"wp:featuredmedia":[{"embeddable":true,"href":"https:\/\/www.santacroceweb.com\/index.php\/wp-json\/wp\/v2\/media\/62989"}],"wp:attachment":[{"href":"https:\/\/www.santacroceweb.com\/index.php\/wp-json\/wp\/v2\/media?parent=69179"}],"wp:term":[{"taxonomy":"category","embeddable":true,"href":"https:\/\/www.santacroceweb.com\/index.php\/wp-json\/wp\/v2\/categories?post=69179"},{"taxonomy":"post_tag","embeddable":true,"href":"https:\/\/www.santacroceweb.com\/index.php\/wp-json\/wp\/v2\/tags?post=69179"}],"curies":[{"name":"wp","href":"https:\/\/api.w.org\/{rel}","templated":true}]}}