{"id":69186,"date":"2020-03-08T14:13:13","date_gmt":"2020-03-08T13:13:13","guid":{"rendered":"http:\/\/www.santacroceweb.com\/giornale1\/?p=69186"},"modified":"2020-03-08T14:28:29","modified_gmt":"2020-03-08T13:28:29","slug":"il-risveglio-bandistico-kamarinense-non-accompagneremo-alcuna-cena","status":"publish","type":"post","link":"https:\/\/www.santacroceweb.com\/index.php\/2020\/03\/08\/il-risveglio-bandistico-kamarinense-non-accompagneremo-alcuna-cena\/","title":{"rendered":"Il Risveglio Bandistico Kamarinense: &#8220;Non accompagneremo alcuna Cena&#8221;"},"content":{"rendered":"<p style=\"text-align: justify;\"><strong>&#8220;In ottemperanza dell&#8217;ultimo decreto emanato<\/strong>, l&#8217;Associazione comunica che non accompagner\u00e0 le Cene di San Giuseppe. Per noi \u00e8 stata una decisione molto difficile e sofferta, ma la situazione attuale ci costringe a prendere questa posizione. Sappiamo quanta Devozione e Fede ci sia dietro la preparazione delle Cene, ma per il bene della comunit\u00e0 \u00e8 meglio sospendere il tutto&#8221;. Cos\u00ec in una nota l&#8217;associazione Risveglio Bandistico Kamarinense. Ieri il sindaco, <span style=\"text-decoration: underline;\"><a href=\"https:\/\/www.santacroceweb.com\/giornale1\/index.php\/2020\/03\/08\/le-cene-al-tempo-del-coronavirus-barone-secondo-me-si-possono-fare\/\">ritenendo che le Cene in onore di San Giuseppe si potessero comunque fare nonostante l&#8217;emergenza Coronavirus<\/a><\/span>, aveva chiesto alla banda comunale di essere presente nel tragitto che dalla Chiesa accompagna i &#8220;santi&#8221; alle case che imbandiscono la tavola. Ma oggi, alla luce dell&#8217;ultimo decreto approvato in nottata, arriva la doccia fredda.<\/p>\n<p style=\"text-align: justify;\"><strong>Anche il sindaco Giovanni Barone<\/strong>, intervenuto con un nuovo video messaggio, ha comunicato la cancellazione delle Cene.<\/p>\n<p><iframe style=\"border: none; overflow: hidden;\" src=\"https:\/\/www.facebook.com\/plugins\/video.php?href=https%3A%2F%2Fwww.facebook.com%2Fgiovanni.barone.509%2Fvideos%2F10216785266649414%2F&amp;show_text=0&amp;width=267\" width=\"267\" height=\"476\" frameborder=\"0\" scrolling=\"no\" allowfullscreen=\"allowfullscreen\"><\/iframe><\/p>\n","protected":false},"excerpt":{"rendered":"<p>&#8220;In ottemperanza dell&#8217;ultimo decreto emanato, l&#8217;Associazione comunica che non accompagner\u00e0 le Cene di San Giuseppe. Per noi \u00e8 stata una decisione molto difficile e sofferta, ma la situazione attuale ci costringe a prendere questa posizione. Sappiamo quanta Devozione e Fede ci sia dietro la preparazione delle Cene, ma per il bene della comunit\u00e0 \u00e8 meglio [&hellip;]<\/p>\n","protected":false},"author":34,"featured_media":69187,"comment_status":"open","ping_status":"open","sticky":false,"template":"","format":"standard","meta":{"footnotes":""},"categories":[8],"tags":[],"class_list":["post-69186","post","type-post","status-publish","format-standard","has-post-thumbnail","hentry","category-attualita"],"_links":{"self":[{"href":"https:\/\/www.santacroceweb.com\/index.php\/wp-json\/wp\/v2\/posts\/69186","targetHints":{"allow":["GET"]}}],"collection":[{"href":"https:\/\/www.santacroceweb.com\/index.php\/wp-json\/wp\/v2\/posts"}],"about":[{"href":"https:\/\/www.santacroceweb.com\/index.php\/wp-json\/wp\/v2\/types\/post"}],"author":[{"embeddable":true,"href":"https:\/\/www.santacroceweb.com\/index.php\/wp-json\/wp\/v2\/users\/34"}],"replies":[{"embeddable":true,"href":"https:\/\/www.santacroceweb.com\/index.php\/wp-json\/wp\/v2\/comments?post=69186"}],"version-history":[{"count":0,"href":"https:\/\/www.santacroceweb.com\/index.php\/wp-json\/wp\/v2\/posts\/69186\/revisions"}],"wp:featuredmedia":[{"embeddable":true,"href":"https:\/\/www.santacroceweb.com\/index.php\/wp-json\/wp\/v2\/media\/69187"}],"wp:attachment":[{"href":"https:\/\/www.santacroceweb.com\/index.php\/wp-json\/wp\/v2\/media?parent=69186"}],"wp:term":[{"taxonomy":"category","embeddable":true,"href":"https:\/\/www.santacroceweb.com\/index.php\/wp-json\/wp\/v2\/categories?post=69186"},{"taxonomy":"post_tag","embeddable":true,"href":"https:\/\/www.santacroceweb.com\/index.php\/wp-json\/wp\/v2\/tags?post=69186"}],"curies":[{"name":"wp","href":"https:\/\/api.w.org\/{rel}","templated":true}]}}