{"id":69386,"date":"2020-03-19T20:52:05","date_gmt":"2020-03-19T19:52:05","guid":{"rendered":"http:\/\/www.santacroceweb.com\/giornale1\/?p=69386"},"modified":"2020-03-19T20:52:05","modified_gmt":"2020-03-19T19:52:05","slug":"a-comiso-cinque-casi-di-coronavirus-il-sindaco-tenete-a-bada-voi-stessi","status":"publish","type":"post","link":"https:\/\/www.santacroceweb.com\/index.php\/2020\/03\/19\/a-comiso-cinque-casi-di-coronavirus-il-sindaco-tenete-a-bada-voi-stessi\/","title":{"rendered":"A Comiso cinque casi di Coronavirus. Il sindaco: &#8220;Tenete a bada voi stessi&#8221;"},"content":{"rendered":"<p style=\"text-align: justify;\"><strong>&#8220;I casi di infezione da Coronavirus<\/strong> accertati oggi a Comiso sono 5. I casi riguardano due nuclei familiari diversi e senza reciproche interrelazioni. Non voglio scatenare reazioni scomposte o stupide cacce alle streghe (che, vi avverto, non tollero per mia natura. Ma ci tengo a dire che il comportamento di una percentuale, sebbene minoritaria, di miei concittadini \u00e8 l&#8217;esatto opposto di quello che viene raccomandato ormai fino all&#8217;ossessione&#8221;. Lo ha detto il sindaco di Comiso, Maria Rita Schembari, dopo aver appreso dei quattro nuovi casi di contagio nella citt\u00e0 casmenea. I numeri non sono ancora entrati nelle statistiche regionali, che oggi alle 12 facevano segnare 7 casi complessivi nella provincia iblea. Ora sarebbero dieci.<\/p>\n<p style=\"text-align: justify;\"><strong>&#8220;Questi pochi &#8211; prosegue la Schembari<\/strong> &#8211; metteranno a repentaglio la propria e l&#8217;altrui vita. E non dite che ci vorrebbero pi\u00f9 controlli, perch\u00e9 nessuna citt\u00e0 dispone di tanti agenti quanti sono i suoi abitanti. Ciascuno di noi \u00e8 dotato di capacit\u00e0 intellettive e quindi dovrebbe saper tenere a bada s\u00e9 stesso. I casi di contagio, di questo passo, cresceranno in maniera esponenziale. E io, che non ho potuto piangere nemmeno mio padre, non voglio piangere per le stesse scene che di Bergamo abbiamo visto tutti in tutti i telegiornali. Con tutta la forza che ho, vi grido: restate a casa&#8221;.<\/p>\n<p style=\"text-align: justify;\"><strong>Intanto il presidente della Regione<\/strong>, Nello Musumeci, ha emesso una nuova ordinanza allo scopo di &#8220;prevenire e gestire l\u2019emergenza epidemiologica del Covid-19 nell\u2019Isola. Disposizioni che riguardano la \u201cpulizia\u201d di strade e uffici pubblici, gli esercizi commerciali, le rivendite di tabacchi, il trasporto urbano, le attivit\u00e0 sportive, le uscite da casa per gli acquisti. Ecco le novit\u00e0.<\/p>\n<p style=\"text-align: justify;\"><strong>Misure igienico-sanitarie<\/strong><br \/>\nViene sancito l\u2019obbligo, da parte dei Comuni, di provvedere, qualora non lo abbiano gi\u00e0 fatto, alla sanificazione delle strade del centro abitato, degli uffici pubblici e degli edifici scolastici. Attivit\u00e0 che verranno cofinanziate dalla Regione. Aree a verde pubblico e parchi-gioco verranno chiusi.<\/p>\n<p style=\"text-align: justify;\"><strong>Commercio<\/strong><br \/>\nNon sar\u00e0 ammesso l\u2019ingresso nel territorio comunale dei venditori ambulanti al dettaglio provenienti da altri Comuni. Tutti gli esercizi commerciali attualmente autorizzati, a eccezione di farmacie di turno ed edicole, dovranno restare chiusi la domenica. I sindaci potranno disporre la riduzione dell\u2019orario di apertura al pubblico dei negozi, tranne di quelli che vendono prodotti alimentari e farmacie. Nelle rivendite dei tabacchi \u00e8 vietato l\u2019uso di apparecchi da intrattenimento e per il gioco.<\/p>\n<p style=\"text-align: justify;\"><strong>Trasporto pubblico<\/strong><br \/>\nSui mezzi di trasporto pubblico urbano sar\u00e0 consentito l\u2019accesso ai passeggeri nella misura massima del 40 per cento dei posti omologati e, comunque, garantendo la distanza minima di un metro. Lo spazio riservato ai conducenti dei mezzi dovr\u00e0 essere opportunatamente delimitato.<\/p>\n<p style=\"text-align: justify;\"><strong>Ulteriori misure<\/strong><br \/>\nLe uscite dalla propria abitazione per gli acquisti essenziali, a eccezione dei farmaci, vanno limitate a una sola volta al giorno. E\u2019 vietata la pratica di ogni attivit\u00e0 motoria e sportiva all\u2019aperto, anche in forma individuale. Gli spostamenti con gli animali da affezione sono consentiti solamente in prossimit\u00e0 della propria abitazione.<\/p>\n<p style=\"text-align: justify;\"><strong>Linea telefonica dedicata<\/strong><br \/>\nViene istituita, presso la presidenza della Regione, una linea telefonica dedicata a uso esclusivo e personale dei sindaci dell\u2019Isola, per le comunicazioni relative alla gestione dell\u2019epidemia.<\/p>\n","protected":false},"excerpt":{"rendered":"<p>&#8220;I casi di infezione da Coronavirus accertati oggi a Comiso sono 5. I casi riguardano due nuclei familiari diversi e senza reciproche interrelazioni. Non voglio scatenare reazioni scomposte o stupide cacce alle streghe (che, vi avverto, non tollero per mia natura. Ma ci tengo a dire che il comportamento di una percentuale, sebbene minoritaria, di [&hellip;]<\/p>\n","protected":false},"author":34,"featured_media":69387,"comment_status":"open","ping_status":"open","sticky":false,"template":"","format":"standard","meta":{"footnotes":""},"categories":[7,22],"tags":[],"class_list":["post-69386","post","type-post","status-publish","format-standard","has-post-thumbnail","hentry","category-cronaca","category-provincia"],"_links":{"self":[{"href":"https:\/\/www.santacroceweb.com\/index.php\/wp-json\/wp\/v2\/posts\/69386","targetHints":{"allow":["GET"]}}],"collection":[{"href":"https:\/\/www.santacroceweb.com\/index.php\/wp-json\/wp\/v2\/posts"}],"about":[{"href":"https:\/\/www.santacroceweb.com\/index.php\/wp-json\/wp\/v2\/types\/post"}],"author":[{"embeddable":true,"href":"https:\/\/www.santacroceweb.com\/index.php\/wp-json\/wp\/v2\/users\/34"}],"replies":[{"embeddable":true,"href":"https:\/\/www.santacroceweb.com\/index.php\/wp-json\/wp\/v2\/comments?post=69386"}],"version-history":[{"count":0,"href":"https:\/\/www.santacroceweb.com\/index.php\/wp-json\/wp\/v2\/posts\/69386\/revisions"}],"wp:featuredmedia":[{"embeddable":true,"href":"https:\/\/www.santacroceweb.com\/index.php\/wp-json\/wp\/v2\/media\/69387"}],"wp:attachment":[{"href":"https:\/\/www.santacroceweb.com\/index.php\/wp-json\/wp\/v2\/media?parent=69386"}],"wp:term":[{"taxonomy":"category","embeddable":true,"href":"https:\/\/www.santacroceweb.com\/index.php\/wp-json\/wp\/v2\/categories?post=69386"},{"taxonomy":"post_tag","embeddable":true,"href":"https:\/\/www.santacroceweb.com\/index.php\/wp-json\/wp\/v2\/tags?post=69386"}],"curies":[{"name":"wp","href":"https:\/\/api.w.org\/{rel}","templated":true}]}}