{"id":69424,"date":"2020-03-24T15:34:12","date_gmt":"2020-03-24T14:34:12","guid":{"rendered":"http:\/\/www.santacroceweb.com\/giornale1\/?p=69424"},"modified":"2020-03-24T15:35:10","modified_gmt":"2020-03-24T14:35:10","slug":"da-milano-a-modica-via-roma-una-donna-e-positiva-al-coronavirus","status":"publish","type":"post","link":"https:\/\/www.santacroceweb.com\/index.php\/2020\/03\/24\/da-milano-a-modica-via-roma-una-donna-e-positiva-al-coronavirus\/","title":{"rendered":"Da Milano a Modica via Roma: una donna \u00e8 positiva al Coronavirus"},"content":{"rendered":"<p style=\"text-align: justify;\"><strong>&#8220;Un fatto gravissimo che rischia<\/strong> di avere pesanti conseguenze nella nostra comunit\u00e0. Alla faccia dei proclami e dei divieti oggi una cittadina modicana \u00e8 evasa dalla quarantena in Lombardia e comodamente in aereo ha raggiunto Catania, da l\u00ec In taxi a Modica. Stamattina \u00e8 stata ricoverata in gravi condizioni al Maggiore di Modica. E&#8217; stata denunciata per attentato alla salute pubblica. In queste ore stiamo ricostruendo la mappa dei suoi spostamenti ed i contatti avuti&#8221;. Lo ha detto il sindaco della citt\u00e0 della Contea, Ignazio Abbate, con un video pubblicato su Facebook. In provincia di Ragusa i casi accertati dalla Regione siciliana restano otto.<\/p>\n<p><iframe style=\"border: none; overflow: hidden;\" src=\"https:\/\/www.facebook.com\/plugins\/video.php?href=https%3A%2F%2Fwww.facebook.com%2Fabbatesindaco%2Fvideos%2F524277721843485%2F&amp;show_text=1&amp;width=560\" width=\"560\" height=\"503\" frameborder=\"0\" scrolling=\"no\" allowfullscreen=\"allowfullscreen\"><\/iframe><\/p>\n","protected":false},"excerpt":{"rendered":"<p>&#8220;Un fatto gravissimo che rischia di avere pesanti conseguenze nella nostra comunit\u00e0. Alla faccia dei proclami e dei divieti oggi una cittadina modicana \u00e8 evasa dalla quarantena in Lombardia e comodamente in aereo ha raggiunto Catania, da l\u00ec In taxi a Modica. Stamattina \u00e8 stata ricoverata in gravi condizioni al Maggiore di Modica. E&#8217; stata [&hellip;]<\/p>\n","protected":false},"author":34,"featured_media":69426,"comment_status":"open","ping_status":"open","sticky":false,"template":"","format":"standard","meta":{"footnotes":""},"categories":[7,22],"tags":[],"class_list":["post-69424","post","type-post","status-publish","format-standard","has-post-thumbnail","hentry","category-cronaca","category-provincia"],"_links":{"self":[{"href":"https:\/\/www.santacroceweb.com\/index.php\/wp-json\/wp\/v2\/posts\/69424","targetHints":{"allow":["GET"]}}],"collection":[{"href":"https:\/\/www.santacroceweb.com\/index.php\/wp-json\/wp\/v2\/posts"}],"about":[{"href":"https:\/\/www.santacroceweb.com\/index.php\/wp-json\/wp\/v2\/types\/post"}],"author":[{"embeddable":true,"href":"https:\/\/www.santacroceweb.com\/index.php\/wp-json\/wp\/v2\/users\/34"}],"replies":[{"embeddable":true,"href":"https:\/\/www.santacroceweb.com\/index.php\/wp-json\/wp\/v2\/comments?post=69424"}],"version-history":[{"count":0,"href":"https:\/\/www.santacroceweb.com\/index.php\/wp-json\/wp\/v2\/posts\/69424\/revisions"}],"wp:featuredmedia":[{"embeddable":true,"href":"https:\/\/www.santacroceweb.com\/index.php\/wp-json\/wp\/v2\/media\/69426"}],"wp:attachment":[{"href":"https:\/\/www.santacroceweb.com\/index.php\/wp-json\/wp\/v2\/media?parent=69424"}],"wp:term":[{"taxonomy":"category","embeddable":true,"href":"https:\/\/www.santacroceweb.com\/index.php\/wp-json\/wp\/v2\/categories?post=69424"},{"taxonomy":"post_tag","embeddable":true,"href":"https:\/\/www.santacroceweb.com\/index.php\/wp-json\/wp\/v2\/tags?post=69424"}],"curies":[{"name":"wp","href":"https:\/\/api.w.org\/{rel}","templated":true}]}}