{"id":69801,"date":"2020-04-16T20:04:33","date_gmt":"2020-04-16T18:04:33","guid":{"rendered":"http:\/\/www.santacroceweb.com\/?p=69801"},"modified":"2020-04-16T20:05:18","modified_gmt":"2020-04-16T18:05:18","slug":"i-santacrocesi-chiedono-la-riapertura-del-cimitero-ma-decide-la-regione","status":"publish","type":"post","link":"https:\/\/www.santacroceweb.com\/index.php\/2020\/04\/16\/i-santacrocesi-chiedono-la-riapertura-del-cimitero-ma-decide-la-regione\/","title":{"rendered":"&#8220;Riaprite il cimitero&#8221;. La richiesta dei santacrocesi, ma decide la Regione"},"content":{"rendered":"<p style=\"text-align: justify;\"><strong>Una deroga. E\u2019 quanto chiedono da giorni<\/strong> alcuni cittadini di Santa Croce, che vorrebbero far visita ai propri defunti al cimitero, ma non possono per via dell\u2019ordinanza contingibile e urgente n.5 del presidente della Regione. A cui i comuni, compreso il nostro, si sono ovviamente adeguati. E\u2019 quella del 13 marzo, in cui si legge che \u201c\u00e8 interdetto l\u2019accesso al pubblico alle aree cimiteriali, restando lo stesso consentito al personale addetto e alle imprese esercenti servizi funebri\u201d. I funerali celebrati in questi giorni si sono svolti a porte chiuse. Soltanto i parenti pi\u00f9 stretti hanno potuto accompagnare il feretro al camposanto.<\/p>\n<p><img fetchpriority=\"high\" decoding=\"async\" class=\"alignnone size-full wp-image-69803 lazyload\" src=\"data:image\/gif;base64,R0lGODlhAQABAAAAACH5BAEKAAEALAAAAAABAAEAAAICTAEAOw==\" data-src=\"https:\/\/www.santacroceweb.com\/giornale1\/wp-content\/uploads\/2020\/04\/cimiteri.jpeg\" alt=\"\" width=\"754\" height=\"357\" data-sizes=\"auto\" data-srcset=\"https:\/\/www.santacroceweb.com\/giornale1\/wp-content\/uploads\/2020\/04\/cimiteri.jpeg 754w, https:\/\/www.santacroceweb.com\/giornale1\/wp-content\/uploads\/2020\/04\/cimiteri-300x142.jpeg 300w\" sizes=\"(max-width: 754px) 100vw, 754px\" \/><\/p>\n<p style=\"text-align: justify;\"><strong> Il sindaco Giovanni Barone, sollecitato da pi\u00f9 parti,<\/strong> ha spiegato che \u201cil problema \u00e8 sentito da tutta la comunit\u00e0 e anche dagli altri sindaci della provincia. La Regione siciliana a giorni ci dar\u00e0 qualche risposta. Al momento, per\u00f2, non possiamo eludere l\u2019ordinanza\u201d. Oggi, approfittando del dono di un\u2019azienda floricola, Barone ha deposto alcune gerbere sull\u2019ossario del cimitero, allo scopo di \u201carmonizzare le esigenze di contenimento della epidemia, con il bisogno di poter posare un fiore sulla tomba dei propri cari\u201d. L\u2019esigenza c\u2019\u00e8 ed \u00e8 sul piatto. In queste ore i vertici della Regione, fra cui il governatore Musumeci, incontrer\u00e0 il comitato tecnico-scientifico, dal quale vorr\u00e0 sentirsi come e quando procedere con la fase-2. Il suo assessore alla Salute, Ruggero Razza, si \u00e8 detto contrario e prolungare le restrizioni oltre la data del 3 maggio, perch\u00e9 in Sicilia i contagi si sono notevolmente affievoliti. L\u2019allentamento delle misure anti-Covid, potrebbe consentire anche la riapertura dei cimiteri, con una regolamentazione scrupolosa degli accessi e l\u2019utilizzo dei dispositivi di protezione.<\/p>\n","protected":false},"excerpt":{"rendered":"<p>Una deroga. E\u2019 quanto chiedono da giorni alcuni cittadini di Santa Croce, che vorrebbero far visita ai propri defunti al cimitero, ma non possono per via dell\u2019ordinanza contingibile e urgente n.5 del presidente della Regione. A cui i comuni, compreso il nostro, si sono ovviamente adeguati. E\u2019 quella del 13 marzo, in cui si legge [&hellip;]<\/p>\n","protected":false},"author":34,"featured_media":69802,"comment_status":"open","ping_status":"open","sticky":false,"template":"","format":"standard","meta":{"footnotes":""},"categories":[8],"tags":[],"class_list":["post-69801","post","type-post","status-publish","format-standard","has-post-thumbnail","hentry","category-attualita"],"_links":{"self":[{"href":"https:\/\/www.santacroceweb.com\/index.php\/wp-json\/wp\/v2\/posts\/69801","targetHints":{"allow":["GET"]}}],"collection":[{"href":"https:\/\/www.santacroceweb.com\/index.php\/wp-json\/wp\/v2\/posts"}],"about":[{"href":"https:\/\/www.santacroceweb.com\/index.php\/wp-json\/wp\/v2\/types\/post"}],"author":[{"embeddable":true,"href":"https:\/\/www.santacroceweb.com\/index.php\/wp-json\/wp\/v2\/users\/34"}],"replies":[{"embeddable":true,"href":"https:\/\/www.santacroceweb.com\/index.php\/wp-json\/wp\/v2\/comments?post=69801"}],"version-history":[{"count":0,"href":"https:\/\/www.santacroceweb.com\/index.php\/wp-json\/wp\/v2\/posts\/69801\/revisions"}],"wp:featuredmedia":[{"embeddable":true,"href":"https:\/\/www.santacroceweb.com\/index.php\/wp-json\/wp\/v2\/media\/69802"}],"wp:attachment":[{"href":"https:\/\/www.santacroceweb.com\/index.php\/wp-json\/wp\/v2\/media?parent=69801"}],"wp:term":[{"taxonomy":"category","embeddable":true,"href":"https:\/\/www.santacroceweb.com\/index.php\/wp-json\/wp\/v2\/categories?post=69801"},{"taxonomy":"post_tag","embeddable":true,"href":"https:\/\/www.santacroceweb.com\/index.php\/wp-json\/wp\/v2\/tags?post=69801"}],"curies":[{"name":"wp","href":"https:\/\/api.w.org\/{rel}","templated":true}]}}