{"id":70042,"date":"2020-04-29T18:35:47","date_gmt":"2020-04-29T16:35:47","guid":{"rendered":"http:\/\/www.santacroceweb.com\/?p=70042"},"modified":"2020-04-29T18:36:16","modified_gmt":"2020-04-29T16:36:16","slug":"comune-in-pensione-larchitetto-mormina-responsabile-ufficio-tecnico","status":"publish","type":"post","link":"https:\/\/www.santacroceweb.com\/index.php\/2020\/04\/29\/comune-in-pensione-larchitetto-mormina-responsabile-ufficio-tecnico\/","title":{"rendered":"Va in pensione l&#8217;architetto Mormina, responsabile dell&#8217;Ufficio tecnico"},"content":{"rendered":"<p style=\"text-align: justify;\"><strong>Lascia il servizio un altro dirigente storico <\/strong>che per anni (dal 2013) \u00e8 stata al timone del Comune di Santa Croce Camerina. Si tratta dell&#8217;architetto Maria Angela Mormina, Responsabile del 3\u00b0 Dipartimento &#8211; Urbanistica, Responsabile della Funzione 6 del COC e gi\u00e0 Funzionario dell\u2019Ufficio di Protezione Civile del Comune di Santa Croce Camerina, che ha raggiunto il meritato traguardo della quiescenza grazie a quota cento con i 40 anni di meritata carriera.<\/p>\n<p style=\"text-align: justify;\"><strong>&#8220;Desidero rivolgere a nome del Consiglio comunale di Santa Croce <\/strong>&#8211; sottolinea il presidente Piero Mandar\u00e0 &#8211; un caloroso ringraziamento per la professionalit\u00e0, l&#8217;impegno, la passione che in tutti questi anni ha messo al servizio del Comune e della citt\u00e0, seguendo alcuni dei pi\u00f9 rilevanti passaggi dello sviluppo urbano, primo fra tutti il Prg che \u00e8 in fase di approvazione, mostrando sempre, oltre a una grande competenza, una non comune dedizione al lavoro e la necessaria dose di buonsenso per risolvere anche le situazioni pi\u00f9 complesse. Ma, soprattutto, alla base di questo, c\u2019\u00e8 una chiara e sempre presente visione dell\u2019interesse collettivo e sociale, vero punto di forza per chi decide di impiegare la propria vita lavorativa in un ente pubblico. Conoscendo la sua curiosit\u00e0 e i suoi mille interessi, siamo certi che la pensione per lei non sar\u00e0 sinonimo di riposo e le auguriamo ogni bene per il suo futuro&#8221;. Con il pensionamento del dirigente Maria Angela Mormina, a partire dal primo maggio, il Comune rimane privo di una risorsa importante in un Settore, quello tecnico, che gi\u00e0 risente moltissimo di un organico ridotto.<\/p>\n","protected":false},"excerpt":{"rendered":"<p>Lascia il servizio un altro dirigente storico che per anni (dal 2013) \u00e8 stata al timone del Comune di Santa Croce Camerina. Si tratta dell&#8217;architetto Maria Angela Mormina, Responsabile del 3\u00b0 Dipartimento &#8211; Urbanistica, Responsabile della Funzione 6 del COC e gi\u00e0 Funzionario dell\u2019Ufficio di Protezione Civile del Comune di Santa Croce Camerina, che ha [&hellip;]<\/p>\n","protected":false},"author":34,"featured_media":32603,"comment_status":"open","ping_status":"open","sticky":false,"template":"","format":"standard","meta":{"footnotes":""},"categories":[8],"tags":[],"class_list":["post-70042","post","type-post","status-publish","format-standard","has-post-thumbnail","hentry","category-attualita"],"_links":{"self":[{"href":"https:\/\/www.santacroceweb.com\/index.php\/wp-json\/wp\/v2\/posts\/70042","targetHints":{"allow":["GET"]}}],"collection":[{"href":"https:\/\/www.santacroceweb.com\/index.php\/wp-json\/wp\/v2\/posts"}],"about":[{"href":"https:\/\/www.santacroceweb.com\/index.php\/wp-json\/wp\/v2\/types\/post"}],"author":[{"embeddable":true,"href":"https:\/\/www.santacroceweb.com\/index.php\/wp-json\/wp\/v2\/users\/34"}],"replies":[{"embeddable":true,"href":"https:\/\/www.santacroceweb.com\/index.php\/wp-json\/wp\/v2\/comments?post=70042"}],"version-history":[{"count":0,"href":"https:\/\/www.santacroceweb.com\/index.php\/wp-json\/wp\/v2\/posts\/70042\/revisions"}],"wp:featuredmedia":[{"embeddable":true,"href":"https:\/\/www.santacroceweb.com\/index.php\/wp-json\/wp\/v2\/media\/32603"}],"wp:attachment":[{"href":"https:\/\/www.santacroceweb.com\/index.php\/wp-json\/wp\/v2\/media?parent=70042"}],"wp:term":[{"taxonomy":"category","embeddable":true,"href":"https:\/\/www.santacroceweb.com\/index.php\/wp-json\/wp\/v2\/categories?post=70042"},{"taxonomy":"post_tag","embeddable":true,"href":"https:\/\/www.santacroceweb.com\/index.php\/wp-json\/wp\/v2\/tags?post=70042"}],"curies":[{"name":"wp","href":"https:\/\/api.w.org\/{rel}","templated":true}]}}