{"id":70242,"date":"2020-05-15T19:09:14","date_gmt":"2020-05-15T17:09:14","guid":{"rendered":"http:\/\/www.santacroceweb.com\/?p=70242"},"modified":"2020-05-15T20:11:34","modified_gmt":"2020-05-15T18:11:34","slug":"lassessore-santodonato-aderisce-a-forza-italia-sento-la-responsabilita","status":"publish","type":"post","link":"https:\/\/www.santacroceweb.com\/index.php\/2020\/05\/15\/lassessore-santodonato-aderisce-a-forza-italia-sento-la-responsabilita\/","title":{"rendered":"L&#8217;assessore Santodonato aderisce a Forza Italia: &#8220;Sento la responsabilit\u00e0&#8221;"},"content":{"rendered":"<p style=\"text-align: justify;\"><strong>\u201cContinua a crescere, sia in termini di quantit\u00e0<\/strong> che di qualit\u00e0, la squadra di Forza Italia in provincia di Ragusa. Sono davvero felice ed onorato di annunciare l&#8217;arrivo di Giulia Virginia Santodonato, attuale assessore nella giunta del comune di Santa Croce Camerina e persona attenta, sensibile e preparata, soprattutto per tutto ci\u00f2 che attiene alla sfera delle politiche sociali e delle pari opportunit\u00e0\u201d. Cos\u00ec Giancarlo Cugnata, commissario provinciale di Forza Italia, che, nel dare il benvenuto ad una donna dalle comprovate capacit\u00e0 amministrative, \u00e8 anche orgoglioso di annunciare che sar\u00e0 lei la nuova coordinatrice provinciale di Azzurro Donna, il movimento femminile del partito. \u201cLa nomina &#8211; fa sapere Cugnata &#8211; \u00e8 stata gi\u00e0 concordata con la coordinatrice regionale Maria Antonietta Testone, che spera di poter venire quanto prima nel Ragusano per incontrare Giulia Virginia e con lei gettare le basi del lavoro da portare avanti, sicura che sapr\u00e0 fare molto bene\u201d.<\/p>\n<p style=\"text-align: justify;\"><strong>\u201cNon posso che essere felice dell&#8217;ingresso<\/strong> di Giulia nella nostra squadra, perch\u00e9 \u00e8 una persona molto valida, impegnata politicamente e attiva nel territorio. Forza Italia \u2013 dichiara Maria Antonietta Testone &#8211; si \u00e8 sempre distinta per l&#8217;impegno a favore delle donne, basti pensare alla legge sullo stalking e al numero delle Ministre che hanno contraddistinto i nostri governi. La donna in politica non pu\u00f2 che essere un valore aggiunto, ma la sua presenza \u00e8, ancora oggi, penalizzata da quote rosa e preferenze che finiscono per strumentalizzarla. La rete femminile che sta nascendo \u2013 continua &#8211; ha proprio l&#8217;obiettivo di riconoscere il loro giusto ruolo. Siamo tenaci e motivate e cercheremo di fare un gioco di squadra aggregante, onorate da questa chiamata alle armi in una fase molto difficile e delicata per il partito\u201d.<\/p>\n<p style=\"text-align: justify;\"><strong>\u201cCome tutte le cose belle \u2013<\/strong> commenta Giulia Virginia Santodonato \u2013 anche questa \u00e8 nata un po&#8217; per caso, e non nego che ci ho riflettuto un po&#8217; prima di accettare perch\u00e9 considero questa nomina un onore ma anche una responsabilit\u00e0. Aderisco ad un partito che ha una grande storia e voglio esserne all&#8217;altezza, ci metter\u00f2 tutta me stessa per fare bene. Stiamo vivendo un periodo complicato \u2013 prosegue &#8211; e chi, come me, fa politica a stretto contatto con la cittadinanza lo avverte ancora di pi\u00f9. C&#8217;\u00e8 da ricostruire, da dare risposte concrete ad esigenze nuove, e per farlo attinger\u00f2 alla mia esperienza in ambito amministrativo. Sono per il lavoro di squadra, e anche nell&#8217;approccio con il coordinamento regionale la prima cosa che far\u00f2 sar\u00e0 confrontarmi con le colleghe e seguire le linee guida. Ringrazio il coordinatore provinciale Giancarlo Cugnata per questa opportunit\u00e0, e al suo fianco mi impegno a portare avanti le necessit\u00e0 reali del territorio, a valorizzare le eccellenze che sa esprimere e a colmare le criticit\u00e0 che emergeranno\u201d.<\/p>\n","protected":false},"excerpt":{"rendered":"<p>\u201cContinua a crescere, sia in termini di quantit\u00e0 che di qualit\u00e0, la squadra di Forza Italia in provincia di Ragusa. Sono davvero felice ed onorato di annunciare l&#8217;arrivo di Giulia Virginia Santodonato, attuale assessore nella giunta del comune di Santa Croce Camerina e persona attenta, sensibile e preparata, soprattutto per tutto ci\u00f2 che attiene alla [&hellip;]<\/p>\n","protected":false},"author":34,"featured_media":70245,"comment_status":"open","ping_status":"open","sticky":false,"template":"","format":"standard","meta":{"footnotes":""},"categories":[4],"tags":[],"class_list":["post-70242","post","type-post","status-publish","format-standard","has-post-thumbnail","hentry","category-politica"],"_links":{"self":[{"href":"https:\/\/www.santacroceweb.com\/index.php\/wp-json\/wp\/v2\/posts\/70242","targetHints":{"allow":["GET"]}}],"collection":[{"href":"https:\/\/www.santacroceweb.com\/index.php\/wp-json\/wp\/v2\/posts"}],"about":[{"href":"https:\/\/www.santacroceweb.com\/index.php\/wp-json\/wp\/v2\/types\/post"}],"author":[{"embeddable":true,"href":"https:\/\/www.santacroceweb.com\/index.php\/wp-json\/wp\/v2\/users\/34"}],"replies":[{"embeddable":true,"href":"https:\/\/www.santacroceweb.com\/index.php\/wp-json\/wp\/v2\/comments?post=70242"}],"version-history":[{"count":0,"href":"https:\/\/www.santacroceweb.com\/index.php\/wp-json\/wp\/v2\/posts\/70242\/revisions"}],"wp:featuredmedia":[{"embeddable":true,"href":"https:\/\/www.santacroceweb.com\/index.php\/wp-json\/wp\/v2\/media\/70245"}],"wp:attachment":[{"href":"https:\/\/www.santacroceweb.com\/index.php\/wp-json\/wp\/v2\/media?parent=70242"}],"wp:term":[{"taxonomy":"category","embeddable":true,"href":"https:\/\/www.santacroceweb.com\/index.php\/wp-json\/wp\/v2\/categories?post=70242"},{"taxonomy":"post_tag","embeddable":true,"href":"https:\/\/www.santacroceweb.com\/index.php\/wp-json\/wp\/v2\/tags?post=70242"}],"curies":[{"name":"wp","href":"https:\/\/api.w.org\/{rel}","templated":true}]}}