{"id":70549,"date":"2020-06-15T17:00:03","date_gmt":"2020-06-15T15:00:03","guid":{"rendered":"http:\/\/www.santacroceweb.com\/?p=70549"},"modified":"2020-06-15T17:12:59","modified_gmt":"2020-06-15T15:12:59","slug":"la-giornata-dei-donatori-limpegno-dellavis-si-trasforma-in-festa","status":"publish","type":"post","link":"https:\/\/www.santacroceweb.com\/index.php\/2020\/06\/15\/la-giornata-dei-donatori-limpegno-dellavis-si-trasforma-in-festa\/","title":{"rendered":"La giornata dei donatori: l&#8217;impegno dell&#8217;Avis si trasforma in festa"},"content":{"rendered":"<p style=\"text-align: justify;\"><strong>Nella giornata mondiale dei donatori<\/strong> di sangue che si festeggia ogni anno il 14 giugno in tutto il mondo, anche l&#8217;Avis di Santa Croce Camerina ha dato il suo contributo con i valori dell&#8217;amicizia e fratellanza tra le associazioni di volontariato. Fare volontariato e decidere di aiutare gli altri gratuitamente \u00e8 un atto di estrema generosit\u00e0.\u00a0\u00c8 la presa di coscienza che un tuo gesto pu\u00f2 cambiare in meglio la vita delle persone. Ma non \u00e8 solo questo: fare volontariato insieme&#8230; \u00e8 un\u2019esperienza bellissima, che aiuta a cambiare la vita delle persone, le rende migliori, soprattutto al finire di questa pandemia da coronavirus.<\/p>\n<p style=\"text-align: justify;\"><strong>Una giornata di donazione si \u00e8 trasformata<\/strong> in una festa, tra i volontari dell&#8217;associazione Astra e i volontari Avis con il nobile fine del dono del sangue e del plasma, per essere di aiuto agli altri, ai malati oncologici, ai talassemici e a tutti coloro che continuano a vivere grazie alla trasfusione di sangue. Cominci cos\u00ec a pensare che il volontariato sia la scelta giusta. Una scelta che cambier\u00e0 gli altri, cambier\u00e0 te e il mondo in cui vivi, rendendolo migliore e pi\u00f9 equo per tutti. Chiunque pu\u00f2 farlo, se sente soprattutto di doverlo fare, perch\u00e9\u00a0dentro ognuno di noi ci sono delle sensibilit\u00e0 che possono emergere e concretizzarsi in un vero e autentico aiuto per chi \u00e8 in difficolt\u00e0 in questa vita.<\/p>\n","protected":false},"excerpt":{"rendered":"<p>Nella giornata mondiale dei donatori di sangue che si festeggia ogni anno il 14 giugno in tutto il mondo, anche l&#8217;Avis di Santa Croce Camerina ha dato il suo contributo con i valori dell&#8217;amicizia e fratellanza tra le associazioni di volontariato. Fare volontariato e decidere di aiutare gli altri gratuitamente \u00e8 un atto di estrema [&hellip;]<\/p>\n","protected":false},"author":26,"featured_media":70550,"comment_status":"closed","ping_status":"open","sticky":false,"template":"","format":"standard","meta":{"footnotes":""},"categories":[8],"tags":[],"class_list":["post-70549","post","type-post","status-publish","format-standard","has-post-thumbnail","hentry","category-attualita"],"_links":{"self":[{"href":"https:\/\/www.santacroceweb.com\/index.php\/wp-json\/wp\/v2\/posts\/70549","targetHints":{"allow":["GET"]}}],"collection":[{"href":"https:\/\/www.santacroceweb.com\/index.php\/wp-json\/wp\/v2\/posts"}],"about":[{"href":"https:\/\/www.santacroceweb.com\/index.php\/wp-json\/wp\/v2\/types\/post"}],"author":[{"embeddable":true,"href":"https:\/\/www.santacroceweb.com\/index.php\/wp-json\/wp\/v2\/users\/26"}],"replies":[{"embeddable":true,"href":"https:\/\/www.santacroceweb.com\/index.php\/wp-json\/wp\/v2\/comments?post=70549"}],"version-history":[{"count":0,"href":"https:\/\/www.santacroceweb.com\/index.php\/wp-json\/wp\/v2\/posts\/70549\/revisions"}],"wp:featuredmedia":[{"embeddable":true,"href":"https:\/\/www.santacroceweb.com\/index.php\/wp-json\/wp\/v2\/media\/70550"}],"wp:attachment":[{"href":"https:\/\/www.santacroceweb.com\/index.php\/wp-json\/wp\/v2\/media?parent=70549"}],"wp:term":[{"taxonomy":"category","embeddable":true,"href":"https:\/\/www.santacroceweb.com\/index.php\/wp-json\/wp\/v2\/categories?post=70549"},{"taxonomy":"post_tag","embeddable":true,"href":"https:\/\/www.santacroceweb.com\/index.php\/wp-json\/wp\/v2\/tags?post=70549"}],"curies":[{"name":"wp","href":"https:\/\/api.w.org\/{rel}","templated":true}]}}