{"id":70570,"date":"2020-06-19T11:07:41","date_gmt":"2020-06-19T09:07:41","guid":{"rendered":"http:\/\/www.santacroceweb.com\/?p=70570"},"modified":"2020-06-19T11:19:14","modified_gmt":"2020-06-19T09:19:14","slug":"punta-secca-il-tramonto-a-pagamento-e-i-diritti-negati-solo-ad-alcuni","status":"publish","type":"post","link":"https:\/\/www.santacroceweb.com\/index.php\/2020\/06\/19\/punta-secca-il-tramonto-a-pagamento-e-i-diritti-negati-solo-ad-alcuni\/","title":{"rendered":"Punta Secca, il tramonto a pagamento e i diritti negati (solo ad alcuni)"},"content":{"rendered":"<p style=\"text-align: justify;\"><strong>&#8220;Piazza Torre, una vista per pochi:<\/strong> scoppia la bagarre sul recinto&#8221; \u00e8 il bel titolo che abbiamo letto su queste stesse pagine nei giorni scorsi e che a chi scrive fa sorgere una spontanea domanda: &#8220;Ma non era meglio un bel\u2026 muretto a secco?\u201d. Se non altro sarebbe stato in armonia con il restante territorio ibleo cos\u00ec elegantemente ed armoniosamente costellato da autentici capolavori del lavoro umano, vere e proprie delizie per la vista e fors\u2019anche \u201cin tinta coordinata\u201d con la stessa torre Scalambri.<\/p>\n<p style=\"text-align: justify;\"><strong>Ma ormai ogni decisione \u00e8 stata assunta<\/strong> ed \u00e8 cos\u00ec che abbiamo potuto assistere al proliferare di tavolini, sedie e divani in misura davvero pi\u00f9 ragguardevole rispetto a quello che ci si sarebbe aspettato a fronte dell\u2019ipotizzato +50% degli spazi riservati alle medesime attivit\u00e0 commerciali nei decorsi anni (senza alcuna corresponsione, peraltro, di tributi per occupazione di suolo pubblico).<\/p>\n<p style=\"text-align: justify;\"><strong>Dura lex sed lex. Sul tema, ci hanno riflettuto<\/strong> e discusso per giorni e giorni fior fior di esperti, scienziati, cervelloni, task forces e cos\u00ec via. In tutto ci\u00f2, a nulla servono le sommesse lamentele di tutti quei \u201cnormali cittadini\u201d, quelli che in fondo sono \u201cil popolo\u201d (il <em>volgo<\/em>) e che si vedono privati di quegli spazi un tempo deputati ad accogliere decine e decine di turisti tutti pronti a godersi lo splendido scenario offerto dalla piazza ovvero a gustarsi gli strabilianti tramonti. A loro \u00e8 riservato uno spazio davvero angusto e (almeno per ora) limitato alle sole panchine fino a quando non verranno anch\u2019esse occupate dagli avventori dell\u2019adiacente esercizio commerciale come gi\u00e0 si \u00e8 verificato nelle decorse stagioni.<\/p>\n<p style=\"text-align: justify;\"><strong>Ironicamente si domanda il consigliere Cappello:<\/strong> \u201cSindaco, quanto si pagher\u00e0 per immortalare un tramonto? Avete gi\u00e0 fissato le tariffe?\u201d. Perch\u00e9 ci manca solo quello! Un adeguato e popolare ticket di accesso alla piazza (magari vigilata da apposito personale che dopo aver sorvegliato la regolare corresponsione di quanto dovuto per il parcheggio nelle strisce blu) ammette i turisti a fotografare il tramonto, nel rispetto del doveroso ed irrinunciabile distanziamento sociale\u2026<\/p>\n<p style=\"text-align: justify;\"><strong>Oggi prevale la conclamata idea riassumibile<\/strong> <a href=\"https:\/\/www.santacroceweb.com\/index.php\/2020\/06\/13\/piazza-torre-una-vista-per-pochi-scoppia-la-bagarre-sul-recinto\/\" target=\"_blank\" rel=\"noopener noreferrer\">nella riferita dichiarazione dell\u2019Assessore allo Sviluppo Economico<\/a>, che nel buttare acqua sul fuoco dichiara: \u201cPur di aiutare i commercianti, concederei tutti i tavoli e le sedie di questo mondo. Le polemiche appaiono strumentali e offensive rispetto alla gente che ha sofferto\u201d.\u00a0E gi\u00e0, perch\u00e9 in questo Paese gli unici ad aver sofferto sono stati i commercianti, i baristi, i ristoranti\u2026 in una parola solo coloro che svolgono attivit\u00e0 mercantili.<\/p>\n<p style=\"text-align: justify;\"><strong>Tutti gli altri, obbligati a stare reclusi in casa<\/strong>, a lavorare attraverso il cosiddetto \u201csmart working\u201d, a svolgere attivit\u00e0 di docenza attraverso un cellulare et <em>similia<\/em> si sono soltanto divertiti ed hanno abbondantemente goduto di una tale situazione.<\/p>\n<p style=\"text-align: justify;\"><strong>Sempre autenticamente attuale<\/strong> l\u2019antica saggezza popolare \u201cchiagne e fo\u2026\u201d. I diritti sono sempre e solo quelli di chi pi\u00f9 chiagne. Tutti gli altri, i cittadini di serie B, non hanno mai avuto alcuna voce in capitolo e quindi \u00e8 del tutto inutile che continuino a frignare.<\/p>\n","protected":false},"excerpt":{"rendered":"<p>&#8220;Piazza Torre, una vista per pochi: scoppia la bagarre sul recinto&#8221; \u00e8 il bel titolo che abbiamo letto su queste stesse pagine nei giorni scorsi e che a chi scrive fa sorgere una spontanea domanda: &#8220;Ma non era meglio un bel\u2026 muretto a secco?\u201d. Se non altro sarebbe stato in armonia con il restante territorio [&hellip;]<\/p>\n","protected":false},"author":37,"featured_media":70571,"comment_status":"closed","ping_status":"open","sticky":false,"template":"","format":"standard","meta":{"footnotes":""},"categories":[8,11],"tags":[],"class_list":["post-70570","post","type-post","status-publish","format-standard","has-post-thumbnail","hentry","category-attualita","category-primopiano"],"_links":{"self":[{"href":"https:\/\/www.santacroceweb.com\/index.php\/wp-json\/wp\/v2\/posts\/70570","targetHints":{"allow":["GET"]}}],"collection":[{"href":"https:\/\/www.santacroceweb.com\/index.php\/wp-json\/wp\/v2\/posts"}],"about":[{"href":"https:\/\/www.santacroceweb.com\/index.php\/wp-json\/wp\/v2\/types\/post"}],"author":[{"embeddable":true,"href":"https:\/\/www.santacroceweb.com\/index.php\/wp-json\/wp\/v2\/users\/37"}],"replies":[{"embeddable":true,"href":"https:\/\/www.santacroceweb.com\/index.php\/wp-json\/wp\/v2\/comments?post=70570"}],"version-history":[{"count":0,"href":"https:\/\/www.santacroceweb.com\/index.php\/wp-json\/wp\/v2\/posts\/70570\/revisions"}],"wp:featuredmedia":[{"embeddable":true,"href":"https:\/\/www.santacroceweb.com\/index.php\/wp-json\/wp\/v2\/media\/70571"}],"wp:attachment":[{"href":"https:\/\/www.santacroceweb.com\/index.php\/wp-json\/wp\/v2\/media?parent=70570"}],"wp:term":[{"taxonomy":"category","embeddable":true,"href":"https:\/\/www.santacroceweb.com\/index.php\/wp-json\/wp\/v2\/categories?post=70570"},{"taxonomy":"post_tag","embeddable":true,"href":"https:\/\/www.santacroceweb.com\/index.php\/wp-json\/wp\/v2\/tags?post=70570"}],"curies":[{"name":"wp","href":"https:\/\/api.w.org\/{rel}","templated":true}]}}