{"id":70723,"date":"2020-06-30T17:06:58","date_gmt":"2020-06-30T15:06:58","guid":{"rendered":"http:\/\/www.santacroceweb.com\/?p=70723"},"modified":"2020-07-01T10:40:23","modified_gmt":"2020-07-01T08:40:23","slug":"si-fara-un-comitato-per-lordine-pubblico-la-politica-reagisce-al-raid","status":"publish","type":"post","link":"https:\/\/www.santacroceweb.com\/index.php\/2020\/06\/30\/si-fara-un-comitato-per-lordine-pubblico-la-politica-reagisce-al-raid\/","title":{"rendered":"&#8220;Si far\u00e0 un comitato per l&#8217;ordine pubblico&#8221;. La politica reagisce al raid"},"content":{"rendered":"<p style=\"text-align: justify;\"><strong>A seguito del raid di un gruppo di extracomunitari<\/strong>, che ieri hanno organizzato <span style=\"text-decoration: underline;\"><a href=\"https:\/\/www.santacroceweb.com\/index.php\/2020\/06\/30\/spedizione-punitiva-per-un-video-ma-il-silenzio-sarebbe-imperdonabile\/\" target=\"_blank\" rel=\"noopener noreferrer\">una spedizione punitiva contro un santacrocese reo di aver ripreso un bivacco col proprio telefonino<\/a><\/span>, \u00e8 intervenuto anche il sindaco Giovanni Barone: &#8220;Oggi &#8211; scrive in una nota &#8211; con la comandante della Polizia Locale abbiamo inviato una lettera al Prefetto di Ragusa con la quale chiediamo la convocazione di un tavolo per la sicurezza e l\u2019ordine pubblico. Chieder\u00f2 maggiori controlli che non dovranno pi\u00f9 essere occasionali o ristretti al fatto di cronaca in s\u00e9. Santa Croce Camerina dovr\u00e0 essere inserita in un pi\u00f9 ampio programma di sicurezza e pattugliamento costante e continuo&#8221;.<\/p>\n<p style=\"text-align: justify;\"><strong>&#8220;Purtroppo &#8211; \u00e8 l&#8217;analisi del sindaco &#8211;<\/strong> Santa Croce \u00e8 una comunit\u00e0 dove il 25% degli abitanti \u00e8 rappresentato da stranieri di varie nazionalit\u00e0, maggiormente nordafricani. Alcuni di questi, per fortuna pochi, non riescono ad integrarsi nel nostro contesto sociale. E se di sera qualcuno di loro si trova agli angoli delle strade ad ubriacarsi, evidentemente c\u2019\u00e8 qualcosa da rivedere nel suo inserimento sociale. Sulla base dei numerosi fatti di cronaca simili a quello di ieri sera, \u00e8 chiaro che Santa Croce \u00e8 una citt\u00e0 che merita un\u2019attenzione particolare. Per questo motivo abbiamo aggiunto nello statuto comunale la Consulta dei Migranti. Adesso occorre regolamentarla. Prepareremo un regolamento e istituiremo quest\u2019organo che avr\u00e0 il compito di studiare dall\u2019interno il fenomeno della microcriminalit\u00e0. Insomma occorre limitare la frattura che c\u2019\u00e8 tra i nostri giovani e i ragazzi stranieri che vivono a Santa Croce. La mia citt\u00e0 e i miei concittadini &#8211; conclude Barone &#8211; non sono intolleranti agli extracomunitari n\u00e9 tanto meno razzisti. Occorre per\u00f2 limitare i gi\u00e0 numerosi casi di liti e schiamazzi serali. Ecco perch\u00e9 chieder\u00f2 al Prefetto di Ragusa una maggiore presenza delle forze dell\u2019ordine sul tutto il territorio camarinense&#8221;.<\/p>\n<p><span style=\"color: #ff0000;\"><strong>Ripartiamo Insieme: &#8220;Anni di denunce inascoltate&#8221;<\/strong><\/span><\/p>\n<p style=\"text-align: justify;\">&#8220;Il gruppo \u201cRipartiamo Insieme\u201d vuole esprimere la propria solidariet\u00e0 a un nostro concittadino, vittima di un episodio increscioso, che avrebbe potuto avere conseguenze ben peggiori. Sono anni che Santa Croce Camerina grida aiuto e anni a cui segue altrettanto silenzio&#8221;. Lo spiegano in una nota Piero Mandar\u00e0, Antonella Galuppi e Giovanni Giavatto, consiglieri comunali di Ripartiamo Insieme. &#8220;Quello che era il ridente paesino invidiato da tutti si \u00e8 trasformato in un luogo estremamente pericoloso, per chi lo vive e per chi ci si ritrova. Bisogna intervenire tempestivamente per arginare ogni tipo di attivit\u00e0 delinquenziale, dallo spaccio alla microcriminalit\u00e0, dalle risse agli assembramenti inutili. I cittadini, oramai allo stremo, cercano di evidenziare il disagio in ogni modo. L\u2019ultimo episodio, in ordine di tempo, dimostra che abbiamo toccato davvero il fondo&#8221;. &#8220;Un cittadino, &#8220;colpevole&#8221; di aver ripreso un bivacco con il proprio telefonino, ha subito una spedizione punitiva da parte di un gruppo di extracomunitari che lo hanno picchiato, costringendolo a ricorrere alle cure ospedaliere. Vogliamo lanciare il nostro messaggio &#8211; conclude la nota dei tre consiglieri &#8211; affinch\u00e9 le autorit\u00e0 competenti si attivino per darci la sicurezza che manca, e per impedire che, quanto da anni si denuncia, rimanga solo una voce nel deserto dell\u2019indifferenza. Per questo chiediamo alla Questura, alla Prefettura, a tutte le autorit\u00e0 competenti: aiutateci, non lasciateci soli&#8221;.<\/p>\n<p style=\"text-align: justify;\"><span style=\"color: #ff0000;\"><strong>Agnello (Liberi di Scegliere): non passi come un atto sporadico<\/strong><\/span><\/p>\n<p style=\"text-align: justify;\">&#8220;Ieri l\u2019ennesimo gravissimo caso di degrado e violenza a S.Croce.\u00a0 Nessuno si permetta di classificarlo come singolo o sporadico episodio. Si tratta di eventi ciclici che avvengono non appena lo Stato allenta la presa dopo la solita settimana di pattugliamenti&#8221;. Lo scrive in una nota il capogruppo di Liberi di Scegliere, Luca Agnello. &#8220;Durante il lockdown per il coronavirus il nostro paese era continuamente presidiato da volanti di polizia, carabinieri, guardia di finanza, polizia provinciale diligentemente pronte a redarguire anche il cittadino che usciva a fumarsi una sigaretta: nulla da dire, facevano il loro lavoro e per questo gliene saremo sempre grati.\u00a0 Questo dimostra per\u00f2 che quando c\u2019\u00e8 la volont\u00e0 dello Stato, le risorse si trovano.\u00a0 E mentre ancora aspettiamo la riapertura della Caserma dei Carabinieri, mentre prendiamo atto che vengono emesse ordinanze senza avere le risorse per farle rispettare, mentre c\u2019\u00e8 ancora gente che con coraggio prova ad investire nel nostro paese per alzare la qualit\u00e0 della vita e del decoro, non possiamo rimanere in silenzio, davanti a pochi animali che con la loro impunita incivilt\u00e0 mettono a repentaglio i delicati equilibri sociali che siamo riusciti a costruire negli anni. La convocazione del comitato per la sicurezza \u00e8 un atto dovuto, il minimo che un amministrazione locale possa fare. Abbiamo inserito nello Statuto la consulta dei migranti. Attiviamola subito e sono certo che nessuna forza politica si opporr\u00e0 a questo strumento essenziale per il nostro paese. Se serve al prossimo bilancio &#8211; conclude Agnello &#8211; impegnamoci a implementare le risorse sulla sicurezza, perch\u00e9 il rischio di aumentare la sfiducia dei cittadini verso lo Stato \u00e8 altissimo ed dovere delle istituzioni locali evitare la nascita di terreni fertili verso facili populismi o , peggio ancora, verso la giustizia fai da te&#8221;.<\/p>\n<p><strong><span style=\"color: #ff0000;\">Pd e Articolo 1: &#8220;Questi balordi vanno assicurati alla legge&#8221;<\/span><\/strong><\/p>\n<p style=\"text-align: justify;\">&#8220;Il Partito Democratico ed Articolo Uno esprimono solidariet\u00e0 e sostegno al concittadino che ieri \u00e8 stato vittima di un\u2019aggressione vigliacca e squadrista nel quartiere del Sacro Cuore&#8221;. E&#8217; quanto si legge in una nota.\u00a0 &#8220;Condanniamo con fermezza questi comportamenti delinquenziali che non possono passare in sordina e che si ripetono sempre pi\u00f9 frequentemente. Invitiamo le forze dell\u2019ordine e le istituzioni ad agire con la massima determinazione per neutralizzare questi balordi ed assicurarli alla legge. Nessuno deve restare impunito quando viola le leggi della Repubblica italiana&#8221;.<\/p>\n<p><span style=\"color: #ff0000;\"><strong>Santa Croce chiama: &#8220;Quando finir\u00e0 questa anarchia?<\/strong><\/span><\/p>\n<p style=\"text-align: justify;\">\u201cLo stato non c\u2019\u00e8. Anche Le istituzioni \u201clocali\u201d latitano. Una comunit\u00e0 in abbandono. Interi quartieri, a Santa Croce Camerina, in balia di ubriaconi\u201d. E&#8217; quanto si legge in una nota del circolo Santa Croce chiama. \u201cDa anni, oramai, si parla a sproposito di ordine e sicurezza\u00a0pubblica, di tavoli tecnici, di censimento degli immobili dati in affitto agli extracomunitari. Il comune si costituir\u00e0 parte civile in un eventuale procedimento penale contro questi delinquenti?? In che modo l\u2019amministrazione intende tutelare le vittime di questi gravi episodi o verranno lasciati in balia del proprio destino? A proposito di rispetto delle regole, dove sono finiti i droni promessi dal sindaco Giovanni Barone per scovare gli indisciplinati che continuano a bruciare la plastica in qualunque ora della giornata come se nulla fosse? Sindaco e assessore alla sicurezza \u2013 anzi alla insicurezza &#8211; quando finir\u00e0 questo stato di anarchia? I cittadini onesti e rispettosi della regole e della sana integrazione sono oramai stanchi. Ci piace ricordare la frase del sindaco Barone che promette \u201dnon\u00a0 ci faremo sfuggire di mano la situazione\u201d. Ma la situazione oramai \u00e8 fuori controllo da troppo tempo&#8221;.<\/p>\n","protected":false},"excerpt":{"rendered":"<p>A seguito del raid di un gruppo di extracomunitari, che ieri hanno organizzato una spedizione punitiva contro un santacrocese reo di aver ripreso un bivacco col proprio telefonino, \u00e8 intervenuto anche il sindaco Giovanni Barone: &#8220;Oggi &#8211; scrive in una nota &#8211; con la comandante della Polizia Locale abbiamo inviato una lettera al Prefetto di [&hellip;]<\/p>\n","protected":false},"author":34,"featured_media":33733,"comment_status":"closed","ping_status":"open","sticky":false,"template":"","format":"standard","meta":{"footnotes":""},"categories":[4],"tags":[],"class_list":["post-70723","post","type-post","status-publish","format-standard","has-post-thumbnail","hentry","category-politica"],"_links":{"self":[{"href":"https:\/\/www.santacroceweb.com\/index.php\/wp-json\/wp\/v2\/posts\/70723","targetHints":{"allow":["GET"]}}],"collection":[{"href":"https:\/\/www.santacroceweb.com\/index.php\/wp-json\/wp\/v2\/posts"}],"about":[{"href":"https:\/\/www.santacroceweb.com\/index.php\/wp-json\/wp\/v2\/types\/post"}],"author":[{"embeddable":true,"href":"https:\/\/www.santacroceweb.com\/index.php\/wp-json\/wp\/v2\/users\/34"}],"replies":[{"embeddable":true,"href":"https:\/\/www.santacroceweb.com\/index.php\/wp-json\/wp\/v2\/comments?post=70723"}],"version-history":[{"count":0,"href":"https:\/\/www.santacroceweb.com\/index.php\/wp-json\/wp\/v2\/posts\/70723\/revisions"}],"wp:featuredmedia":[{"embeddable":true,"href":"https:\/\/www.santacroceweb.com\/index.php\/wp-json\/wp\/v2\/media\/33733"}],"wp:attachment":[{"href":"https:\/\/www.santacroceweb.com\/index.php\/wp-json\/wp\/v2\/media?parent=70723"}],"wp:term":[{"taxonomy":"category","embeddable":true,"href":"https:\/\/www.santacroceweb.com\/index.php\/wp-json\/wp\/v2\/categories?post=70723"},{"taxonomy":"post_tag","embeddable":true,"href":"https:\/\/www.santacroceweb.com\/index.php\/wp-json\/wp\/v2\/tags?post=70723"}],"curies":[{"name":"wp","href":"https:\/\/api.w.org\/{rel}","templated":true}]}}