{"id":70776,"date":"2020-07-04T09:00:26","date_gmt":"2020-07-04T07:00:26","guid":{"rendered":"http:\/\/www.santacroceweb.com\/?p=70776"},"modified":"2020-07-04T10:14:32","modified_gmt":"2020-07-04T08:14:32","slug":"undici-spiagge-attrezzate-per-i-disabili-presentato-mare-senza-frontiere","status":"publish","type":"post","link":"https:\/\/www.santacroceweb.com\/index.php\/2020\/07\/04\/undici-spiagge-attrezzate-per-i-disabili-presentato-mare-senza-frontiere\/","title":{"rendered":"Presentato &#8220;Mare senza frontiere&#8221;: 11 spiagge attrezzate per i disabili"},"content":{"rendered":"<p style=\"text-align: justify;\"><strong>E&#8217; stata presentata ieri al &#8220;Lido Mojito&#8221; di Scoglitti,<\/strong> in conferenza stampa, la seconda edizione di \u201cMare senza Frontiere 2.0: accessibilit\u00e0 a tutti\u201d. Presente il Prefetto di Ragusa, Filippina Cocuzza e le massime cariche istituzionali militari. Le Samot di Palermo e Ragusa. Le Organizzazioni di Volontariato. Gli Sponsor. L\u2019invito \u00e8 stato raccolto anche dai Sindaci della provincia di Ragusa. A fare gli onori di casa il direttore generale, Angelo Aliqu\u00f2, e il Commissario straordinario del comune di Vittoria, Filippo Dispenza.<\/p>\n<p style=\"text-align: justify;\"><strong>Un servizio destinato a persone in condizione<\/strong> di disabilit\u00e0 per accedere, senza barriere architettoniche in spiaggia, in spazi, appositamente adibiti per accogliere, sostenere e soddisfare i bisogni speciali contrastando gli ostacoli che impediscono la regolare fruizione degli arenili. Il progetto mira alla predisposizione di percorsi funzionali che riguardano l\u2019arrivo nell\u2019aria delle persone in condizioni di disabilit\u00e0 fino al posizionamento negli ombrelloni nell\u2019area predisposta con la presenza di Operatori Socio Sanitari e attrezzature varie. Consentire a tutti la piena fruizione, durante il periodo estivo (dal 7 luglio al 31 agosto dalle ore 10.00 alle 12:30 e dalle ore 16:30 alle 19.00, dal marted\u00ec alla domenica. \u00c8 escluso il luned\u00ec). Undici le postazioni, attrezzate, tre in pi\u00f9 rispetto alla precedente edizione:<\/p>\n<p style=\"text-align: justify;\">-Scoglitti Spiaggia n. 15 Lungomare Lanterna<br \/>\n-Marina di Ragusa (piazza Torre)<br \/>\n-Marina di Modica e Maganuco<br \/>\n-Punta Secca e Casuzze (lido Selene)<br \/>\n-Pozzallo (Lido Enrique)<br \/>\n-Marina di Acate via Nettuno, angolo lungomare<br \/>\n-Marina di Ispica (Lido Otello)<br \/>\n-Cava D\u2019Aliga e Sampieri<\/p>\n<p style=\"text-align: justify;\"><strong>Novit\u00e0 importante, per l\u2019anno 2020,<\/strong> a causa del Covid-19, \u00e8 l\u2019utilizzo di un\u2019apposita l\u2019App \u201cLidoLido\u201d \u2013 un software per il monitoraggio dei flussi nelle spiagge libere, nella quale \u00e8 stato implementato il progetto \u201cMare Senza Frontiere 2.0\u201d. L\u2019app \u00e8 stata creata da Orango, agenzia di Modica, e scelta dall\u2019ASP di Ragusa per informare i cittadini:<br \/>\n&#8211; Dei tempi e modalit\u00e0 di erogazione dei servizi di assistenza socio-sanitaria del progetto \u201cMare senza frontiere 2.0\u201d volti a favorire l\u2019integrazione dei soggetti diversamente abili nelle attivit\u00e0 balneari;<br \/>\n\u2013 Dello stato di affollamento, in tempo reale, delle spiagge libere, allo scopo di incoraggiare comportamenti socialmente responsabili.<\/p>\n<p style=\"text-align: justify;\">Per usufruire del servizio sono stati attivati due numeri di telefono: 0932220814\/3457851452 e un indirizzo di posta elettronica maresenzafrontiere@gmail.com<\/p>\n","protected":false},"excerpt":{"rendered":"<p>E&#8217; stata presentata ieri al &#8220;Lido Mojito&#8221; di Scoglitti, in conferenza stampa, la seconda edizione di \u201cMare senza Frontiere 2.0: accessibilit\u00e0 a tutti\u201d. Presente il Prefetto di Ragusa, Filippina Cocuzza e le massime cariche istituzionali militari. Le Samot di Palermo e Ragusa. Le Organizzazioni di Volontariato. Gli Sponsor. L\u2019invito \u00e8 stato raccolto anche dai Sindaci [&hellip;]<\/p>\n","protected":false},"author":34,"featured_media":70777,"comment_status":"closed","ping_status":"open","sticky":false,"template":"","format":"standard","meta":{"footnotes":""},"categories":[8,22],"tags":[],"class_list":["post-70776","post","type-post","status-publish","format-standard","has-post-thumbnail","hentry","category-attualita","category-provincia"],"_links":{"self":[{"href":"https:\/\/www.santacroceweb.com\/index.php\/wp-json\/wp\/v2\/posts\/70776","targetHints":{"allow":["GET"]}}],"collection":[{"href":"https:\/\/www.santacroceweb.com\/index.php\/wp-json\/wp\/v2\/posts"}],"about":[{"href":"https:\/\/www.santacroceweb.com\/index.php\/wp-json\/wp\/v2\/types\/post"}],"author":[{"embeddable":true,"href":"https:\/\/www.santacroceweb.com\/index.php\/wp-json\/wp\/v2\/users\/34"}],"replies":[{"embeddable":true,"href":"https:\/\/www.santacroceweb.com\/index.php\/wp-json\/wp\/v2\/comments?post=70776"}],"version-history":[{"count":0,"href":"https:\/\/www.santacroceweb.com\/index.php\/wp-json\/wp\/v2\/posts\/70776\/revisions"}],"wp:featuredmedia":[{"embeddable":true,"href":"https:\/\/www.santacroceweb.com\/index.php\/wp-json\/wp\/v2\/media\/70777"}],"wp:attachment":[{"href":"https:\/\/www.santacroceweb.com\/index.php\/wp-json\/wp\/v2\/media?parent=70776"}],"wp:term":[{"taxonomy":"category","embeddable":true,"href":"https:\/\/www.santacroceweb.com\/index.php\/wp-json\/wp\/v2\/categories?post=70776"},{"taxonomy":"post_tag","embeddable":true,"href":"https:\/\/www.santacroceweb.com\/index.php\/wp-json\/wp\/v2\/tags?post=70776"}],"curies":[{"name":"wp","href":"https:\/\/api.w.org\/{rel}","templated":true}]}}