{"id":70944,"date":"2020-07-19T08:42:29","date_gmt":"2020-07-19T06:42:29","guid":{"rendered":"http:\/\/www.santacroceweb.com\/?p=70944"},"modified":"2020-07-19T08:43:32","modified_gmt":"2020-07-19T06:43:32","slug":"mandara-rilancia-pensiamo-a-unalternativa-dialogo-col-pd-necessario","status":"publish","type":"post","link":"https:\/\/www.santacroceweb.com\/index.php\/2020\/07\/19\/mandara-rilancia-pensiamo-a-unalternativa-dialogo-col-pd-necessario\/","title":{"rendered":"Mandar\u00e0: &#8220;Pensiamo a un&#8217;alternativa. Il dialogo col Pd \u00e8 necessario&#8221;"},"content":{"rendered":"<p style=\"text-align: justify;\">A palazzo di Citt\u00e0 la maggioranza non \u00e8 pi\u00f9 quella di una volta. La lista che ha permesso a Giovanni Barone di vincere le elezioni si \u00e8 sgretolata. Svanita alla vigilia della pandemia, dopo mesi di cronico logorio. I tre consiglieri di Ripartiamo Insieme (come Cappello, fresco di adesione al Pd) hanno girato i tacchi, mettendosi in proprio. A reggere, in maniera quasi \u201cocculta\u201d, la permanenza del sindaco Barone \u2013 che altrimenti non avrebbe pi\u00f9 i numeri per governare \u2013 sono rimasti gli oppositori della prima ora, che pur senza aderire ufficialmente, sono i nuovi \u201cresponsabili\u201d. E vantano un rapporto privilegiato con il vicesindaco Filippo Frasca. Piero Mandar\u00e0, che assieme a Galuppi e Giavatto \u00e8 fuoriuscito dalla maggioranza, non vuole pi\u00f9 saperne. Il presidente del Consiglio \u00e8 anche il leader del gruppo \u201cInsieme\u201d.<\/p>\n<p style=\"text-align: justify;\"><strong>La vostra fuoriuscita e l\u2019inciucio che denunciate da mesi, hanno sancito l\u2019avvio degli ultimi due anni di legislatura. Cosa si aspetta?<\/strong><\/p>\n<p style=\"text-align: justify;\">\u201cRibaltoni e cambi di casacca non portano mai a nulla di buono. Al posto del sindaco avrei rimesso il mandato nelle mani dei cittadini. Non pu\u00f2 continuare a governare coi voti del nostro gruppo. I santacrocesi hanno votato una coalizione e un programma e adesso si ritrovano altri uomini e altre idee. I cambi in corsa servono soltanto alla propria sopravvivenza politica. Da tempo, in paese, giravano strane voci su possibili accordi tra pezzi di maggioranza e la coalizione sconfitta alle elezioni. Sono state confermate dopo che noi, responsabilmente, abbiamo scelto di sfilarci. Non c\u2019erano pi\u00f9 le condizioni per andare avanti: i patti della vigilia erano stati disattesi e gli intrallazzi erano diventati ingestibili. I nostri assessori si sono fatti da parte, cos\u00ec il sindaco li ha revocati\u201d.<\/p>\n<p style=\"text-align: justify;\"><strong>L\u2019opposizione di prima reclama di essere opposizione anche adesso.<\/strong><\/p>\n<p style=\"text-align: justify;\">\u201cNei primi tre anni di legislatura, l\u2019opposizione, oggi maggioranza, a parte rare eccezioni non \u00e8 mai pervenuta. E\u2019 stata silenziosa e accomodante, ha basato la propria azione politica solo su tentativi di rivalsa o di rivincita ai danni del sottoscritto e del mio gruppo. Chi non \u00e8 mai venuto in Consiglio comunale faticher\u00e0 a rendersene conto. L\u2019unico obiettivo non era mandare a casa il sindaco, che non rappresenta pi\u00f9 la volont\u00e0 popolare, bens\u00ec fare la guerra ai vari Mandar\u00e0, Galuppi e Giavatto\u201d.<\/p>\n<p style=\"text-align: justify;\"><strong>Santa Croce non meriterebbe un po\u2019 pi\u00f9 di stabilit\u00e0 politica?<\/strong><\/p>\n<p style=\"text-align: justify;\">\u201cCredo sia giunto il momento di dare avvio a un nuovo ciclo. L\u2019esperienza di Santa Croce Rivive \u00e8 finita e, come tutte le cose, ha portato con s\u00e9 cose buone e cose meno buone. Che secondo noi hanno prevalso. Oggi \u00e8 il momento di ripartire, cercando di coinvolgere le migliori forze del paese. Bisogna evitare, come \u00e8 successo a Barone, di essere stato troppe volte ostaggio di chi ha anteposto il proprio interesse personale a scapito della progettualit\u00e0. Che fine hanno fatto le idee sulla santacruciarit\u00e0? Le proposte di innovazione e cambiamento? Non basta parlare di rifiuti e fumarole. Occorrerebbe affrontare il tema dello sviluppo, del turismo, delle opere pubbliche. A parte qualche strada rappezzata non si \u00e8 visto niente. Vedo un\u2019amministrazione ferma, abbarbicata ai personalismi, che ha perso di vista lo scopo finale: ossia l\u2019interesse collettivo\u201d.<\/p>\n<p style=\"text-align: justify;\"><strong>State preparando il dopo-Barone? Qualcuno vi accusa di essere gi\u00e0 in campagna elettorale.<\/strong><\/p>\n<p style=\"text-align: justify;\">\u201cSe essere in campagna elettorale vuol dire costruire un\u2019alternativa, pensare a progetti di ampio respiro per il paese, immaginare un rimedio alle numerose criticit\u00e0 gi\u00e0 esistenti, s\u00ec, allora siamo in campagna elettorale. L\u2019idea, comunque, \u00e8 garantire la prosecuzione di questa esperienza amministrativa esercitando un&#8217;opposizione non &#8216;preconcetta&#8217; ma &#8216;costruttiva&#8217;, valutando i singoli atti portati, di volta in volta, all&#8217;attenzione del Consiglio comunale. Abbiamo fatto numerose proposte per superare la stasi del Covid, ma sono state respinte tutte quante. Dall\u2019Amministrazione non c\u2019\u00e8 alcun segnale d\u2019apertura: cos\u00ec diventa difficile servire il paese\u201d.<\/p>\n<p style=\"text-align: justify;\"><strong>Avete perso Cappello, che ha scelto di aderire al Partito Democratico.<\/strong><\/p>\n<p style=\"text-align: justify;\">\u201cHo salutato con piacere la nascita del gruppo del Partito Democratico in Consiglio comunale attraverso la presenza del consigliere Cappello. Pu\u00f2 essere un ulteriore tassello per far emergere problematiche e proposte costruttive. Se il Pd vuole accettare la sfida di essere il luogo che attrae e federa attorno a s\u00e9 sensibilit\u00e0 e storie diverse, soprattutto a livello locale, anche a Santa Croce potr\u00e0 riguadagnare consenso\u201d.<\/p>\n<p style=\"text-align: justify;\"><strong>L\u2019esperienza di Insieme ha un futuro? Dialogherete con il Pd?<\/strong><\/p>\n<p style=\"text-align: justify;\">\u201cOggi il gruppo \u201cInsieme\u201d rappresenta a Santa Croce una buona fetta del voto d\u2019opinione, per\u00f2 dobbiamo rafforzarci rispetto al rapporto con il territorio, che \u00e8 il nostro tallone d\u2019Achille, e costruire una coalizione vincente attraverso una lista civica che aggreghi le forze moderate del paese, e soprattutto le associazioni e il volontariato, che a parer mio, rappresentano il modo migliore per supplire alle inefficienze dei partiti. Se vogliamo accettare questa sfida, \u00e8 evidente che il dialogo con il Pd (ma non solo col Pd), \u00e8 un dialogo necessario\u201d.<\/p>\n","protected":false},"excerpt":{"rendered":"<p>A palazzo di Citt\u00e0 la maggioranza non \u00e8 pi\u00f9 quella di una volta. La lista che ha permesso a Giovanni Barone di vincere le elezioni si \u00e8 sgretolata. Svanita alla vigilia della pandemia, dopo mesi di cronico logorio. I tre consiglieri di Ripartiamo Insieme (come Cappello, fresco di adesione al Pd) hanno girato i tacchi, [&hellip;]<\/p>\n","protected":false},"author":34,"featured_media":63479,"comment_status":"closed","ping_status":"open","sticky":false,"template":"","format":"standard","meta":{"footnotes":""},"categories":[4,11],"tags":[156,154,147,153,155],"class_list":["post-70944","post","type-post","status-publish","format-standard","has-post-thumbnail","hentry","category-politica","category-primopiano","tag-giovanni-barone","tag-insieme","tag-partito-democratico","tag-piero-mandara","tag-salvatore-cappello"],"_links":{"self":[{"href":"https:\/\/www.santacroceweb.com\/index.php\/wp-json\/wp\/v2\/posts\/70944","targetHints":{"allow":["GET"]}}],"collection":[{"href":"https:\/\/www.santacroceweb.com\/index.php\/wp-json\/wp\/v2\/posts"}],"about":[{"href":"https:\/\/www.santacroceweb.com\/index.php\/wp-json\/wp\/v2\/types\/post"}],"author":[{"embeddable":true,"href":"https:\/\/www.santacroceweb.com\/index.php\/wp-json\/wp\/v2\/users\/34"}],"replies":[{"embeddable":true,"href":"https:\/\/www.santacroceweb.com\/index.php\/wp-json\/wp\/v2\/comments?post=70944"}],"version-history":[{"count":0,"href":"https:\/\/www.santacroceweb.com\/index.php\/wp-json\/wp\/v2\/posts\/70944\/revisions"}],"wp:featuredmedia":[{"embeddable":true,"href":"https:\/\/www.santacroceweb.com\/index.php\/wp-json\/wp\/v2\/media\/63479"}],"wp:attachment":[{"href":"https:\/\/www.santacroceweb.com\/index.php\/wp-json\/wp\/v2\/media?parent=70944"}],"wp:term":[{"taxonomy":"category","embeddable":true,"href":"https:\/\/www.santacroceweb.com\/index.php\/wp-json\/wp\/v2\/categories?post=70944"},{"taxonomy":"post_tag","embeddable":true,"href":"https:\/\/www.santacroceweb.com\/index.php\/wp-json\/wp\/v2\/tags?post=70944"}],"curies":[{"name":"wp","href":"https:\/\/api.w.org\/{rel}","templated":true}]}}