{"id":71034,"date":"2020-07-22T16:03:27","date_gmt":"2020-07-22T14:03:27","guid":{"rendered":"http:\/\/www.santacroceweb.com\/?p=71034"},"modified":"2020-07-22T16:04:06","modified_gmt":"2020-07-22T14:04:06","slug":"distanza-in-spiaggia-vendita-e-consumo-di-alcolici-lordinanza-del-sindaco","status":"publish","type":"post","link":"https:\/\/www.santacroceweb.com\/index.php\/2020\/07\/22\/distanza-in-spiaggia-vendita-e-consumo-di-alcolici-lordinanza-del-sindaco\/","title":{"rendered":"Distanza in spiaggia, vendita e consumo di alcolici: ecco l&#8217;ordinanza"},"content":{"rendered":"<p style=\"text-align: justify;\"><strong>L\u2019uso della mascherina laddove non si pu\u00f2 garantire<\/strong> il corretto distanziamento sociale, anche all\u2019aperto: il divieto di assembramento nei luoghi pubblici; l\u2019obbligo di rispettare la distanza interpersonale anche per i pubblici esercizi. Sono alcune delle misure previste dall\u2019ultima ordinanza sindacale, che regola la stagione estiva 2020, nella parte che riguarda la prevenzione e la vigilanza delle attivit\u00e0 commerciali e di intrattenimento, con particolare riguardo al fenomeno della movida.<\/p>\n<p style=\"text-align: justify;\"><strong>Le restrizioni pi\u00f9 ingenti riguardano la somministrazione<\/strong>, da parte dei pubblici esercizi, di bevande \u2013 in contenitori di vetro o lattine \u2013 dalle 24 alle 6 del mattino, a meno che \u201cla somministrazione e la conseguente consumazione avvengano all\u2019interno dei locali e\/o pertinenze esterne autorizzate\u201d. Agli esercenti viene imposta anche l\u2019accurata pulizia \u201cdegli spazi antistanti\u201d all\u2019attivit\u00e0, comprese strade e marciapiedi. I titolari inoltre sono ritenuti responsabili \u201cdella corretta applicazione di quanto disposto e dovranno adottare, nei confronti dei propri avventori, le necessarie misure di informazione e controllo\u201d. Di fatto, l\u2019articolo 5 dell\u2019ordinanza vieta il \u201cconsumo su aree pubbliche o aree private ad uso pubblico del territorio del Comune di Santa Croce Camerina, di bibite e alcolici in contenitori, bottiglie e bicchieri di vetro, nonch\u00e9 lattine\u201d, allo scopo \u2013 non specificato ma abbastanza evidente \u2013 di ridurre la possibilit\u00e0 di bivacchi. Nel periodo dal 20 luglio al 30 settembre, i locali potranno diffondere musica fino all\u20191.30 dal luned\u00ec al gioved\u00ec e fino alle 3 dal venerd\u00ec alla domenica.<\/p>\n<p style=\"text-align: justify;\"><strong>Un capitolo dell\u2019ordinanza, riguarda le spiagge libere<\/strong>, dove \u201ccoloro che intendono accedere (\u2026) sono tenuti a rispettare quanto indicato nell\u2019apposita cartellonistica, assicurando la distanza di almeno un metro tra soggetti ed il posizionamento degli ombrelloni secondo le indicazioni ivi riportate\u201d (bisogna garantire una superficie di almeno 10 metri quadrati per ogni ombrellone; tra le attrezzature di spiaggia (lettini, sdraio) deve essere garantita una distanza di almeno un metro e mezzo. Vietati gli sport di gruppo. Le regole relative al distanziamento vanno rispettate anche quando si fa il bagno.<\/p>\n<p style=\"text-align: justify;\"><strong>Le sanzioni vanno da 400 a 3.000 euro<\/strong>, anche per chi non indossa la mascherina nelle circostanze che lo richiedono. Mentre coloro che non ottemperano alle \u201cprescrizioni previste\u201d nelle spiagge libere, verr\u00e0 &#8220;applicata una sanzione amministrativa pecuniaria che va da 25 a 500 euro&#8221;.<\/p>\n<p><span style=\"text-decoration: underline;\"><strong><a href=\"https:\/\/www.comune.santa-croce-camerina.rg.it\/news\/ordinanza-n-26-stagione-estiva-2020-misure-per-la-prevenzione-e-vigilanza-delle-attivita-commerciali-e-di-intrattenimento-con-particolare-riguardo-al-fenomeno-della-movida-e-disposizioni-per-front\/\" target=\"_blank\" rel=\"noopener noreferrer\">CLICCA QUI PER CONSULTARE L&#8217;ORDINANZA<\/a><\/strong><\/span><\/p>\n<p>&nbsp;<\/p>\n","protected":false},"excerpt":{"rendered":"<p>L\u2019uso della mascherina laddove non si pu\u00f2 garantire il corretto distanziamento sociale, anche all\u2019aperto: il divieto di assembramento nei luoghi pubblici; l\u2019obbligo di rispettare la distanza interpersonale anche per i pubblici esercizi. Sono alcune delle misure previste dall\u2019ultima ordinanza sindacale, che regola la stagione estiva 2020, nella parte che riguarda la prevenzione e la vigilanza [&hellip;]<\/p>\n","protected":false},"author":34,"featured_media":71036,"comment_status":"closed","ping_status":"open","sticky":false,"template":"","format":"standard","meta":{"footnotes":""},"categories":[8,11],"tags":[183,156,184,182,143,139],"class_list":["post-71034","post","type-post","status-publish","format-standard","has-post-thumbnail","hentry","category-attualita","category-primopiano","tag-coronavirus","tag-giovanni-barone","tag-movida","tag-ordinanza","tag-punta-secca","tag-santa-croce-camerina"],"_links":{"self":[{"href":"https:\/\/www.santacroceweb.com\/index.php\/wp-json\/wp\/v2\/posts\/71034","targetHints":{"allow":["GET"]}}],"collection":[{"href":"https:\/\/www.santacroceweb.com\/index.php\/wp-json\/wp\/v2\/posts"}],"about":[{"href":"https:\/\/www.santacroceweb.com\/index.php\/wp-json\/wp\/v2\/types\/post"}],"author":[{"embeddable":true,"href":"https:\/\/www.santacroceweb.com\/index.php\/wp-json\/wp\/v2\/users\/34"}],"replies":[{"embeddable":true,"href":"https:\/\/www.santacroceweb.com\/index.php\/wp-json\/wp\/v2\/comments?post=71034"}],"version-history":[{"count":0,"href":"https:\/\/www.santacroceweb.com\/index.php\/wp-json\/wp\/v2\/posts\/71034\/revisions"}],"wp:featuredmedia":[{"embeddable":true,"href":"https:\/\/www.santacroceweb.com\/index.php\/wp-json\/wp\/v2\/media\/71036"}],"wp:attachment":[{"href":"https:\/\/www.santacroceweb.com\/index.php\/wp-json\/wp\/v2\/media?parent=71034"}],"wp:term":[{"taxonomy":"category","embeddable":true,"href":"https:\/\/www.santacroceweb.com\/index.php\/wp-json\/wp\/v2\/categories?post=71034"},{"taxonomy":"post_tag","embeddable":true,"href":"https:\/\/www.santacroceweb.com\/index.php\/wp-json\/wp\/v2\/tags?post=71034"}],"curies":[{"name":"wp","href":"https:\/\/api.w.org\/{rel}","templated":true}]}}