{"id":71467,"date":"2020-08-12T07:41:05","date_gmt":"2020-08-12T05:41:05","guid":{"rendered":"http:\/\/www.santacroceweb.com\/?p=71467"},"modified":"2020-08-12T09:43:52","modified_gmt":"2020-08-12T07:43:52","slug":"il-filo-rosso-tra-pirrera-caucana-e-la-tunisia-alla-scoperta-dei-mosaici","status":"publish","type":"post","link":"https:\/\/www.santacroceweb.com\/index.php\/2020\/08\/12\/il-filo-rosso-tra-pirrera-caucana-e-la-tunisia-alla-scoperta-dei-mosaici\/","title":{"rendered":"Il filo &#8220;rosso&#8221; tra Pirrera, Caucana e la Tunisia: alla scoperta dei mosaici"},"content":{"rendered":"<p style=\"text-align: justify;\"><strong>Domenica sera si \u00e8 tenuta la terza conferenza<\/strong> organizzata dalla Societ\u00e0 di Storia Patria. L&#8217;incontro \u00e8 stato curato dal Dott. Giovanni Di Stefano, noto archeologo nonch\u00e9 docente universitario, ed ha avuto come tematica in discussione la relazione tra i mosaici della chiesa di Leptis Parva (o Minor), in Tunisia, con quelli rinvenuti nelle chiese di Caucana e di contrada Pirrera. L&#8217;eminente archeologo ha messo in evidenza le similitudini dei motivi mosaicati fra i tre edifici di culto nonch\u00e9 le analogie architettoniche degli stessi, dalla quale \u00e8 possibile dedurre che le opere in questione siano state realizzate dalle stesse maestranze.<\/p>\n<p style=\"text-align: justify;\"><strong>All&#8217;evento era presente anche il neo Direttore<\/strong> del Parco Archeologico di Camarina e Cava d&#8217;Ispica l&#8217;Arch. Buzzone, che ha sostituito in tale incarico il Dott. Di Stefano, il quale ha voluto ringraziare quest&#8217;ultimo per &#8220;l&#8217;amore&#8221; per l&#8217;archeologia che gli trasmesso. Al termine della conferenza ha preso parola il Sindaco di Santa Croce Camerina, il Dott. Giovanni Barone, il quale ha annunciato ai numerosi astanti che mediante l&#8217;intervento di privati sono state reperite le somme necessarie per riprodurre e riposizionare in sito le copie dei mosaici della chiesa di contrada Pirrera, fermo restando che l&#8217;intento dell&#8217;Amministrazione comunale \u00e8 quello di riportare gli originali a Santa Croce Camerina. Il prossimo appuntamento con la storia sar\u00e0 per il 4 settembre p.v., avente come titolo &#8220;le rotte commerciali nel marchesato di Santa Croce&#8221;, a cura del Dott. Gaetano Cascone.<\/p>\n","protected":false},"excerpt":{"rendered":"<p>Domenica sera si \u00e8 tenuta la terza conferenza organizzata dalla Societ\u00e0 di Storia Patria. L&#8217;incontro \u00e8 stato curato dal Dott. Giovanni Di Stefano, noto archeologo nonch\u00e9 docente universitario, ed ha avuto come tematica in discussione la relazione tra i mosaici della chiesa di Leptis Parva (o Minor), in Tunisia, con quelli rinvenuti nelle chiese di [&hellip;]<\/p>\n","protected":false},"author":26,"featured_media":71468,"comment_status":"closed","ping_status":"open","sticky":false,"template":"","format":"standard","meta":{"footnotes":""},"categories":[6],"tags":[144,274,272,273],"class_list":["post-71467","post","type-post","status-publish","format-standard","has-post-thumbnail","hentry","category-culturaespettacolo","tag-caucana","tag-giovanni-di-stefano","tag-pirrera","tag-tunisia"],"_links":{"self":[{"href":"https:\/\/www.santacroceweb.com\/index.php\/wp-json\/wp\/v2\/posts\/71467","targetHints":{"allow":["GET"]}}],"collection":[{"href":"https:\/\/www.santacroceweb.com\/index.php\/wp-json\/wp\/v2\/posts"}],"about":[{"href":"https:\/\/www.santacroceweb.com\/index.php\/wp-json\/wp\/v2\/types\/post"}],"author":[{"embeddable":true,"href":"https:\/\/www.santacroceweb.com\/index.php\/wp-json\/wp\/v2\/users\/26"}],"replies":[{"embeddable":true,"href":"https:\/\/www.santacroceweb.com\/index.php\/wp-json\/wp\/v2\/comments?post=71467"}],"version-history":[{"count":0,"href":"https:\/\/www.santacroceweb.com\/index.php\/wp-json\/wp\/v2\/posts\/71467\/revisions"}],"wp:featuredmedia":[{"embeddable":true,"href":"https:\/\/www.santacroceweb.com\/index.php\/wp-json\/wp\/v2\/media\/71468"}],"wp:attachment":[{"href":"https:\/\/www.santacroceweb.com\/index.php\/wp-json\/wp\/v2\/media?parent=71467"}],"wp:term":[{"taxonomy":"category","embeddable":true,"href":"https:\/\/www.santacroceweb.com\/index.php\/wp-json\/wp\/v2\/categories?post=71467"},{"taxonomy":"post_tag","embeddable":true,"href":"https:\/\/www.santacroceweb.com\/index.php\/wp-json\/wp\/v2\/tags?post=71467"}],"curies":[{"name":"wp","href":"https:\/\/api.w.org\/{rel}","templated":true}]}}