{"id":71496,"date":"2020-08-12T16:11:03","date_gmt":"2020-08-12T14:11:03","guid":{"rendered":"http:\/\/www.santacroceweb.com\/?p=71496"},"modified":"2020-08-12T16:11:47","modified_gmt":"2020-08-12T14:11:47","slug":"il-pd-invita-il-sindaco-a-un-confronto-sul-tema-dei-rifiuti-qualcosa-non-va","status":"publish","type":"post","link":"https:\/\/www.santacroceweb.com\/index.php\/2020\/08\/12\/il-pd-invita-il-sindaco-a-un-confronto-sul-tema-dei-rifiuti-qualcosa-non-va\/","title":{"rendered":"Il Pd invita il sindaco a un confronto: &#8220;Sul tema dei rifiuti qualcosa non va&#8221;"},"content":{"rendered":"<p style=\"text-align: justify;\"><strong>Gli abbiamo trovato un senso, anche se<\/strong> un senso non ce l\u2019ha. Finalmente il consulente di comunicazione del sindaco, che paghiamo noi, ha un compito: quello di rispondere ai post del Partito Democratico e di Articolo Uno. Peccato che il suo datore di lavoro lo tiene male informato!&#8221; Comincia cos\u00ec la nota congiunta di Pd e Articolo 1, che mettono nel mirino il sindaco <span style=\"text-decoration: underline;\"><a href=\"https:\/\/www.santacroceweb.com\/index.php\/2020\/08\/11\/consiglio-le-reazioni-barone-piena-soddisfazione-il-pd-sindaco-isolato\/\" target=\"_blank\" rel=\"noopener noreferrer\">per le sue dichiarazioni post-Consiglio<\/a><\/span>. Un Consiglio che ha visto <span style=\"text-decoration: underline;\"><a href=\"https:\/\/www.santacroceweb.com\/index.php\/2020\/08\/11\/approvato-il-bilancio-di-previsione-frasca-non-gradisce-vedro-il-sindaco\/\" target=\"_blank\" rel=\"noopener noreferrer\">Salvatore Cappello approvare, assieme ai colleghi di &#8216;Ripartiamo Insieme&#8217;, il bilancio di previsione<\/a><\/span>. Ma questo non ha smorzato i toni.<\/p>\n<p style=\"text-align: justify;\"><strong>&#8220;Quando vorr\u00e0, Sindaco, siamo pronti<\/strong> ad un pubblico confronto sulla genesi dei progetti che lei si intesta e per i quali vanta fatiche che, come abbiamo detto in altre circostanze, assomigliano a quella del grillo, che sulle corna del bue, diceva di arare la terra &#8211; scrivono i due partiti in una nota -. Andiamo allora oltre la polemica e chiediamo al Sindaco di dare un senso ad alcune informazioni: la gran parte dei cittadini sembra che si stia comportando bene per quanto riguarda la differenziazione dei rifiuti e per\u00f2 c&#8217;\u00e8 un dato che non torna: se le percentuali sono cos\u00ec alte ci spiega, Sindaco, perch\u00e9 non abbassa la tassa sui rifiuti? Ci spiega perch\u00e9 da quando c\u2019\u00e8 lei, ogni anno, questa tassa aumenta? C&#8217;\u00e8 qualcosa che non funziona, non le sembra?&#8221;.<\/p>\n<p style=\"text-align: justify;\"><strong>&#8220;Togliere i cassonetti dalle strade di campagna<\/strong> &#8211; prosegue la nota &#8211; e, allo stesso tempo, non prevedere azioni di controllo (anche con la video sorveglianza) \u00e8 stato un errore. Ha ottenuto solo il risultato di avere un territorio sporco, pieno di immondizia e disseminato di micro discariche che rappresentano un pessimo biglietto da visita per i residenti e soprattutto per i turisti che in estate vengono a visitare i nostri luoghi. Anche qui lei sta a guardare e non si pone delle domande ovvie e semplici: quanto spende e quanto dovr\u00e0 spendere il comune per bonificare le strade di campagna e le micro discariche? E soprattutto non si chiede, e perch\u00e9 non se lo \u00e8 chiesto al momento opportuno, perch\u00e9 tutto questo non \u00e8 stato inserito nel capitolato che lei ha firmato?&#8221;.<\/p>\n<p style=\"text-align: justify;\"><strong>&#8220;Amministrare &#8211; \u00e8 la chiosa dei due partiti<\/strong> del centrosinistra &#8211; significa salvaguardare gli interessi della comunit\u00e0, significa non sperperare i nostri soldi. In questo modo lei sta facendo proprio il contrario. La ditta che ogni volta viene incaricata di bonificare le strade di campagna e le micro discariche si sta \u201cingrassando\u201d a spese di NOI cittadini e questo non \u00e8 giusto, non pu\u00f2 continuare in questo modo. Le rinnoviamo l\u2019invito sindaco: dia un senso a questo scampolo di vita amministrativa che le resta, dia un senso a quello che fa, trovi un senso per terminare in maniera dignitosa questo mandato. Se non ce la fa&#8230;. non si ostini!&#8221;.<\/p>\n","protected":false},"excerpt":{"rendered":"<p>Gli abbiamo trovato un senso, anche se un senso non ce l\u2019ha. Finalmente il consulente di comunicazione del sindaco, che paghiamo noi, ha un compito: quello di rispondere ai post del Partito Democratico e di Articolo Uno. Peccato che il suo datore di lavoro lo tiene male informato!&#8221; Comincia cos\u00ec la nota congiunta di Pd [&hellip;]<\/p>\n","protected":false},"author":34,"featured_media":70899,"comment_status":"closed","ping_status":"open","sticky":false,"template":"","format":"standard","meta":{"footnotes":""},"categories":[4],"tags":[156,147],"class_list":["post-71496","post","type-post","status-publish","format-standard","has-post-thumbnail","hentry","category-politica","tag-giovanni-barone","tag-partito-democratico"],"_links":{"self":[{"href":"https:\/\/www.santacroceweb.com\/index.php\/wp-json\/wp\/v2\/posts\/71496","targetHints":{"allow":["GET"]}}],"collection":[{"href":"https:\/\/www.santacroceweb.com\/index.php\/wp-json\/wp\/v2\/posts"}],"about":[{"href":"https:\/\/www.santacroceweb.com\/index.php\/wp-json\/wp\/v2\/types\/post"}],"author":[{"embeddable":true,"href":"https:\/\/www.santacroceweb.com\/index.php\/wp-json\/wp\/v2\/users\/34"}],"replies":[{"embeddable":true,"href":"https:\/\/www.santacroceweb.com\/index.php\/wp-json\/wp\/v2\/comments?post=71496"}],"version-history":[{"count":0,"href":"https:\/\/www.santacroceweb.com\/index.php\/wp-json\/wp\/v2\/posts\/71496\/revisions"}],"wp:featuredmedia":[{"embeddable":true,"href":"https:\/\/www.santacroceweb.com\/index.php\/wp-json\/wp\/v2\/media\/70899"}],"wp:attachment":[{"href":"https:\/\/www.santacroceweb.com\/index.php\/wp-json\/wp\/v2\/media?parent=71496"}],"wp:term":[{"taxonomy":"category","embeddable":true,"href":"https:\/\/www.santacroceweb.com\/index.php\/wp-json\/wp\/v2\/categories?post=71496"},{"taxonomy":"post_tag","embeddable":true,"href":"https:\/\/www.santacroceweb.com\/index.php\/wp-json\/wp\/v2\/tags?post=71496"}],"curies":[{"name":"wp","href":"https:\/\/api.w.org\/{rel}","templated":true}]}}